{"id":2872,"date":"2016-07-21T17:50:48","date_gmt":"2016-07-21T17:50:48","guid":{"rendered":""},"modified":"2026-03-11T09:12:01","modified_gmt":"2026-03-11T14:12:01","slug":"mons-claudio-maroa-celli-dejo-el-pontificio-consejo-para-las-comunicaciones-sociales","status":"publish","type":"post","link":"https:\/\/ceas.org.pe\/index.php\/2016\/07\/21\/mons-claudio-maroa-celli-dejo-el-pontificio-consejo-para-las-comunicaciones-sociales\/","title":{"rendered":"Mons. Claudio Mar\u00f3a Celli dej\u00f3 el Pontificio Consejo para las Comunicaciones Sociales"},"content":{"rendered":"<p>\u00a0El jueves 21 de julio, en la sede de la Secretar\u00eda para la Comunicaci\u00f3n, se llev\u00f3 a cabo la ceremonia de despedida del arzobispo Claudio Mar\u00eda Celli, quien finaliza su servicio en el Vaticano despu\u00e9s de 10 a\u00f1os al frente del Pontificio Consejo para las Comunicaciones Sociales. Nuestro colega Alessandro Gisotti pidi\u00f3 a mons. Celli un balance de estos a\u00f1os en el campo de las comunicaciones de la Santa Sede.<\/p>\n<p>Fuente:\u00a0news.va<\/p>\n<p><a href=\"http:\/\/web.hilo.org.pe\/wp-content\/uploads\/ArzobispoCelli.jpg\" target=\"_blank\" rel=\"noopener\">Ver archivo adjunto<\/a><\/p>\n","protected":false},"excerpt":{"rendered":"<p>\u00a0\u00a0El jueves 21 de julio, en la sede de la Secretar\u00eda para la Comunicaci\u00f3n, se llev\u00f3 a cabo la ceremonia de despedida del arzobispo Claudio Mar\u00eda Celli, quien finaliza su servicio en el Vaticano despu\u00e9s de 10 a\u00f1os al frente del Pontificio Consejo para las Comunicaciones Sociales. Nuestro colega Alessandro Gisotti pidi\u00f3 a mons. Celli un balance de estos a\u00f1os en el campo de las comunicaciones de la Santa Sede.<\/p>\n","protected":false},"author":1,"featured_media":7931,"comment_status":"closed","ping_status":"closed","sticky":false,"template":"","format":"standard","meta":{"footnotes":""},"categories":[9],"tags":[],"class_list":["post-2872","post","type-post","status-publish","format-standard","has-post-thumbnail","hentry","category-noticias"],"_links":{"self":[{"href":"https:\/\/ceas.org.pe\/index.php\/wp-json\/wp\/v2\/posts\/2872","targetHints":{"allow":["GET"]}}],"collection":[{"href":"https:\/\/ceas.org.pe\/index.php\/wp-json\/wp\/v2\/posts"}],"about":[{"href":"https:\/\/ceas.org.pe\/index.php\/wp-json\/wp\/v2\/types\/post"}],"author":[{"embeddable":true,"href":"https:\/\/ceas.org.pe\/index.php\/wp-json\/wp\/v2\/users\/1"}],"replies":[{"embeddable":true,"href":"https:\/\/ceas.org.pe\/index.php\/wp-json\/wp\/v2\/comments?post=2872"}],"version-history":[{"count":1,"href":"https:\/\/ceas.org.pe\/index.php\/wp-json\/wp\/v2\/posts\/2872\/revisions"}],"predecessor-version":[{"id":6346,"href":"https:\/\/ceas.org.pe\/index.php\/wp-json\/wp\/v2\/posts\/2872\/revisions\/6346"}],"wp:featuredmedia":[{"embeddable":true,"href":"https:\/\/ceas.org.pe\/index.php\/wp-json\/wp\/v2\/media\/7931"}],"wp:attachment":[{"href":"https:\/\/ceas.org.pe\/index.php\/wp-json\/wp\/v2\/media?parent=2872"}],"wp:term":[{"taxonomy":"category","embeddable":true,"href":"https:\/\/ceas.org.pe\/index.php\/wp-json\/wp\/v2\/categories?post=2872"},{"taxonomy":"post_tag","embeddable":true,"href":"https:\/\/ceas.org.pe\/index.php\/wp-json\/wp\/v2\/tags?post=2872"}],"curies":[{"name":"wp","href":"https:\/\/api.w.org\/{rel}","templated":true}]}}