{"id":2871,"date":"2016-07-21T13:11:57","date_gmt":"2016-07-21T13:11:57","guid":{"rendered":""},"modified":"2026-03-11T09:12:02","modified_gmt":"2026-03-11T14:12:02","slug":"anuncian-version-oargentinao-del-organo-oficial-de-informacion-del-vaticano","status":"publish","type":"post","link":"https:\/\/ceas.org.pe\/index.php\/2016\/07\/21\/anuncian-version-oargentinao-del-organo-oficial-de-informacion-del-vaticano\/","title":{"rendered":"Anuncian versi\u00f3n \u00f3Argentina\u00f3 del \u00f3rgano oficial de informaci\u00f3n del Vaticano"},"content":{"rendered":"<p>No s\u00f3lo argentina contar\u00e1 con una versi\u00f3n propia de \u201cL Osservatore Romano\u201d, \u00fanico diario oficial del Vaticano, a partir del mes de septiembre, sino que ser\u00e1 el primer pa\u00eds en el mundo que podr\u00e1 agregar contenidos propios de entre 4 a 8 p\u00e1ginas, bajo la supervisi\u00f3n de la Conferencia Episcopal Argentina.<\/p>\n<div>\u00a0<\/div>\n<div>La nueva versi\u00f3n de \u201cL Osservatore Romano\u201d en lengua espa\u00f1ola depende ahora del nuevo organismo creado por el Papa Francisco, la Secretar\u00eda para la Comunicaci\u00f3n, bajo el mando de Monse\u00f1or Dario Vigan\u00f2*.<\/div>\n<div>\u00a0<\/div>\n<div>En el proyecto se contempla tambi\u00e9n un resumen radial de noticias los d\u00edas domingo, dirigido por Santiago Pont Lezica, director de la radio \u201cMilenium\u201d de se\u00f1al FM, quien actuar\u00e1 al mismo tiempo como Director Ejecutivo del mismo. El mismo, junto con el biblista y te\u00f3logo Marcelo Figueroa, fueron recibidos por el Papa Francisco en la Casa Santa Marta, y sostuvieron luego una reuni\u00f3n con el p. Federico Lombardi, portavoz oficial del Santo Padre.<\/div>\n<div>\u00a0<\/div>\n<div>Seg\u00fan informaron fuentes Vaticanas, la intenci\u00f3n del Santo Padre es que sus palabras lleguen a Argentina \u201ccompletas y de forma \u00edntegra\u201d. En este sentido, el padre Lombardi, mencion\u00f3 la necesidad de \u201cir directamente a la fuente\u201d al momento de transmitir las noticias relativas a la actividad pastoral del Papa, con el fin de lograr esa transparencia y fidelidad a su ministerio, y de evitar al mismo tiempo imprecisiones o errores de interpretaci\u00f3n.<\/div>\n<div>\u00a0<\/div>\n<div>* Junto con \u201cL Osservatore Romano\u201d, han sido integrados al nuevo Dicasterio el Pontificio Consejo de las Comunicaciones Sociales, la Sala de Prensa Vaticana, el Servicio Internet Vaticano, Radio Vaticana, el Centro Televisivo Vaticano, la Tipograf\u00eda Vaticana, el Servicio Fotogr\u00e1fico y la Librer\u00eda Editorial Vaticana.<\/div>\n<div>\u00a0<\/div>\n<div>Fuente: americalatina.va<\/div>\n<p><a href=\"http:\/\/web.hilo.org.pe\/wp-content\/uploads\/Informaciondelvaticano.jpg\" target=\"_blank\" rel=\"noopener\">Ver archivo adjunto<\/a><\/p>\n","protected":false},"excerpt":{"rendered":"<p>No s?lo argentina contar? con una versi?n propia de ?L Osservatore Romano?, ?nico diario oficial del Vaticano, a partir del mes de septiembre, sino que ser? el primer pa?s en el mundo que podr? agregar contenidos propios de entre 4 a 8 p?ginas, bajo la supervisi?n de la Conferencia Episcopal Argentina.<\/p>\n","protected":false},"author":1,"featured_media":7903,"comment_status":"closed","ping_status":"closed","sticky":false,"template":"","format":"standard","meta":{"footnotes":""},"categories":[9],"tags":[],"class_list":["post-2871","post","type-post","status-publish","format-standard","has-post-thumbnail","hentry","category-noticias"],"_links":{"self":[{"href":"https:\/\/ceas.org.pe\/index.php\/wp-json\/wp\/v2\/posts\/2871","targetHints":{"allow":["GET"]}}],"collection":[{"href":"https:\/\/ceas.org.pe\/index.php\/wp-json\/wp\/v2\/posts"}],"about":[{"href":"https:\/\/ceas.org.pe\/index.php\/wp-json\/wp\/v2\/types\/post"}],"author":[{"embeddable":true,"href":"https:\/\/ceas.org.pe\/index.php\/wp-json\/wp\/v2\/users\/1"}],"replies":[{"embeddable":true,"href":"https:\/\/ceas.org.pe\/index.php\/wp-json\/wp\/v2\/comments?post=2871"}],"version-history":[{"count":1,"href":"https:\/\/ceas.org.pe\/index.php\/wp-json\/wp\/v2\/posts\/2871\/revisions"}],"predecessor-version":[{"id":6347,"href":"https:\/\/ceas.org.pe\/index.php\/wp-json\/wp\/v2\/posts\/2871\/revisions\/6347"}],"wp:featuredmedia":[{"embeddable":true,"href":"https:\/\/ceas.org.pe\/index.php\/wp-json\/wp\/v2\/media\/7903"}],"wp:attachment":[{"href":"https:\/\/ceas.org.pe\/index.php\/wp-json\/wp\/v2\/media?parent=2871"}],"wp:term":[{"taxonomy":"category","embeddable":true,"href":"https:\/\/ceas.org.pe\/index.php\/wp-json\/wp\/v2\/categories?post=2871"},{"taxonomy":"post_tag","embeddable":true,"href":"https:\/\/ceas.org.pe\/index.php\/wp-json\/wp\/v2\/tags?post=2871"}],"curies":[{"name":"wp","href":"https:\/\/api.w.org\/{rel}","templated":true}]}}