{"id":2870,"date":"2016-07-20T13:10:57","date_gmt":"2016-07-20T13:10:57","guid":{"rendered":""},"modified":"2026-03-11T09:12:02","modified_gmt":"2026-03-11T14:12:02","slug":"monseoor-fr-neri-menor-vargas-ofm-asumio-obispado-de-huonuco","status":"publish","type":"post","link":"https:\/\/ceas.org.pe\/index.php\/2016\/07\/20\/monseoor-fr-neri-menor-vargas-ofm-asumio-obispado-de-huonuco\/","title":{"rendered":"Monse\u00f3or Fr. Neri Menor Vargas OFM asumi\u00f3 Obispado de Hu\u00f3nuco"},"content":{"rendered":"<div>En una ceremonia realizada en la ma\u00f1ana el domingo 17 de julio en la Iglesia Catedral de Hu\u00e1nuco, se realiz\u00f3 la Consagraci\u00f3n Episcopal y toma de posesi\u00f3n de cargo del nuevo obispo de la Di\u00f3cesis de Hu\u00e1nuco, Monse\u00f1or Fr. Neri Menor Vargas OFM.<\/div>\n<div>\u00a0<\/div>\n<div>La misa fue presida por el arzobispo de Trujillo, Miguel Cabrejos Vidarte, y concelebrada por 22 obispos: el arzobispo de Huancayo, Pedro Barreto, as\u00ed como obispos de Ayacucho, Lima, San Ram\u00f3n, Chiclayo y el obispo saliente Jaime Rodr\u00edguez Salazar. Entre los asistentes estuvieron, sacerdotes, religiosos y laicos<\/div>\n<div>\u00a0<\/div>\n<div>D\u00edas antes de la toma de posesi\u00f3n, el nuevo Obispo arrib\u00f3 a la ciudad de Hu\u00e1nuco para realizar el retiro espiritual de preparaci\u00f3n. Como se sabe, monse\u00f1or Neri Menor es sacerdote franciscano y antes de ser nombrado obispo de Hu\u00e1nuco se desempe\u00f1\u00f3 como Ministro Provincial de la Provincia Franciscana de los XII Ap\u00f3stoles del Per\u00fa.<\/div>\n<div>\u00a0<\/div>\n<div>El secretario provincial de la Provincia Franciscana de los XII Ap\u00f3stoles del Per\u00fa, Fr. Guillermo Burgos OFM, inform\u00f3 que en meses pasados el papa Francisco acept\u00f3 la renuncia al gobierno pastoral de la di\u00f3cesis de Hu\u00e1nuco (Per\u00fa), presentada por S.E. Mons. Jaime Rodr\u00edguez Salazar MCCJ, al haber sobrepasado los 75 a\u00f1os y en conformidad al canon 401 \u00a7 1 del C\u00f3digo de Derecho Can\u00f3nico.<\/div>\n<div>\u00a0<\/div>\n<div>Monse\u00f1or Neri Menor naci\u00f3 un 26 de mayo de 1960 en la localidad de Pacopampa (Cajamarca). Ingres\u00f3 a la Orden Franciscana el 31 de marzo de 1991. Su profesi\u00f3n solemne fue el 25 de enero de 1998 y su ordenaci\u00f3n sacerdotal el 20 de marzo de 2000.<\/div>\n<div>\u00a0<\/div>\n<div>Condujo la misi\u00f3n franciscana en Pampa Inal\u00e1mbrica y la Parroquia Cristo Rey en Ilo (Moquegua), habiendo edificado cinco templos hoy convertidos en parroquias. Asumi\u00f3 el cargo de Rector o Formador en el Seminario o Estudiantado de J\u00f3venes Franciscanos en Lima.<\/div>\n<div>\u00a0<\/div>\n<div>Regent\u00f3 la Parroquia San Jos\u00e9 Obrero en la ciudad de Arequipa, as\u00ed como la Parroquia de Santa Mar\u00eda de Jes\u00fas en San Felipe (Comas, Lima). Finalmente, en 2015 fue elegido como Ministro Provincial de la Provincia Franciscana de los XII Ap\u00f3stoles del Per\u00fa y desde ayer es obispo titular de la Di\u00f3cesis de Hu\u00e1nuco.<\/div>\n<div>\u00a0<\/div>\n<div>Fuente: Prensa Franciscana.<\/div>\n<p><a href=\"http:\/\/web.hilo.org.pe\/wp-content\/uploads\/huanuco-obispo-peru-catolico.jpg\" target=\"_blank\" rel=\"noopener\">Ver archivo adjunto<\/a><\/p>\n","protected":false},"excerpt":{"rendered":"<p>En una ceremonia realizada en la ma?ana el domingo 17 de julio en la Iglesia Catedral de Hu?nuco, se realiz? la Consagraci?n Episcopal y toma de posesi?n de cargo del nuevo obispo de la Di?cesis de Hu?nuco, Monse?or Fr. Neri Menor Vargas OFM.<\/p>\n","protected":false},"author":1,"featured_media":7950,"comment_status":"closed","ping_status":"closed","sticky":false,"template":"","format":"standard","meta":{"footnotes":""},"categories":[9],"tags":[],"class_list":["post-2870","post","type-post","status-publish","format-standard","has-post-thumbnail","hentry","category-noticias"],"_links":{"self":[{"href":"https:\/\/ceas.org.pe\/index.php\/wp-json\/wp\/v2\/posts\/2870","targetHints":{"allow":["GET"]}}],"collection":[{"href":"https:\/\/ceas.org.pe\/index.php\/wp-json\/wp\/v2\/posts"}],"about":[{"href":"https:\/\/ceas.org.pe\/index.php\/wp-json\/wp\/v2\/types\/post"}],"author":[{"embeddable":true,"href":"https:\/\/ceas.org.pe\/index.php\/wp-json\/wp\/v2\/users\/1"}],"replies":[{"embeddable":true,"href":"https:\/\/ceas.org.pe\/index.php\/wp-json\/wp\/v2\/comments?post=2870"}],"version-history":[{"count":1,"href":"https:\/\/ceas.org.pe\/index.php\/wp-json\/wp\/v2\/posts\/2870\/revisions"}],"predecessor-version":[{"id":6348,"href":"https:\/\/ceas.org.pe\/index.php\/wp-json\/wp\/v2\/posts\/2870\/revisions\/6348"}],"wp:featuredmedia":[{"embeddable":true,"href":"https:\/\/ceas.org.pe\/index.php\/wp-json\/wp\/v2\/media\/7950"}],"wp:attachment":[{"href":"https:\/\/ceas.org.pe\/index.php\/wp-json\/wp\/v2\/media?parent=2870"}],"wp:term":[{"taxonomy":"category","embeddable":true,"href":"https:\/\/ceas.org.pe\/index.php\/wp-json\/wp\/v2\/categories?post=2870"},{"taxonomy":"post_tag","embeddable":true,"href":"https:\/\/ceas.org.pe\/index.php\/wp-json\/wp\/v2\/tags?post=2870"}],"curies":[{"name":"wp","href":"https:\/\/api.w.org\/{rel}","templated":true}]}}