{"id":2869,"date":"2016-07-20T12:27:40","date_gmt":"2016-07-20T12:27:40","guid":{"rendered":""},"modified":"2026-03-11T09:12:02","modified_gmt":"2026-03-11T14:12:02","slug":"piden-oraciones-por-el-viaje-del-papa-francisco-a-polonia","status":"publish","type":"post","link":"https:\/\/ceas.org.pe\/index.php\/2016\/07\/20\/piden-oraciones-por-el-viaje-del-papa-francisco-a-polonia\/","title":{"rendered":"Piden oraciones por el viaje del Papa Francisco a Polonia"},"content":{"rendered":"<p>Una oraci\u00f3n por el \u00e9xito del Viaje del \u00a0Papa Bergoglio a Polonia y por la JMJ de Cracovia, es la intenci\u00f3n que se elevar\u00e1 durante los d\u00edas del triduo de preparaci\u00f3n a la fiesta de Santa Ana en la Pontificia parroquia vaticana, dedicada a la abuela de Jes\u00fas. Y este a\u00f1o, precisamente con ocasi\u00f3n de la festividad el pr\u00f3ximo martes 26 de julio, en que la liturgia recuerda a Santa Ana y San Joaqu\u00edn, padres de la Bienaventurada Virgen Mar\u00eda habr\u00e1 dos celebraciones solemnes. La de la ma\u00f1ana, que presidir\u00e1 el Cardenal Angelo Comastri, Arcipreste de la Bas\u00edlica de San Pedro y Vicario general de Su Santidad para la Ciudad del Vaticano, y la vespertina, que presidir\u00e1 el Arzobispo Georg G\u00e4nswein, Prefecto de la Casa Pontificia.<\/p>\n<p>La devoci\u00f3n a Santa Ana en la peque\u00f1a Parroquia pontificia<\/p>\n<div>Al preparar esta fiesta anual, el P\u00e1rroco de la Parroquia de Santa Ana, el agustiniano Bruno Silvestrini, explica que para esta edici\u00f3n eligi\u00f3 un tema especial, a fin de recordar y reforzar la estrecha relaci\u00f3n existente entre esta Parroquia, encomendada por el Papa P\u00edo XI, \u00a0en 1929, a los agustinos, y la archicofrad\u00eda vaticana de Santa Ana de\u2019 parafrenieri, que se traslad\u00f3 a partir de aquel a\u00f1o a la iglesia romana de Santa Catalina della Rota, para lo cual invit\u00f3 al primicerio de esta asociaci\u00f3n que es Monse\u00f1or G\u00e4nswein.<\/div>\n<div>\u00a0<\/div>\n<div>En efecto, existe una estrecha relaci\u00f3n entre esta parroquia y la archicofrad\u00eda. Hasta el a\u00f1o 1929 la iglesia, que se encuentra a pocos pasos del ingreso de la Ciudad del Vaticano, en la v\u00eda de Porta Ang\u00e9lica ha sido la sede de esta archicofrad\u00eda, donde sus miembros se reun\u00edan y rezaban a su protectora, la Madre de la Virgen Mar\u00eda. Asimismo se recuerda que se debe a sus miembros la construcci\u00f3n, en el siglo XVI de esta peque\u00f1a iglesia. Mientras la devoci\u00f3n a la abuela de Jes\u00fas se remonta a los or\u00edgenes de la archicofrad\u00eda, \u00a0cuando sus miembros se reun\u00edan en torno a un altar de la Bas\u00edlica de San Pedro, dedicado a Santa Ana.<\/div>\n<div>\u00a0<\/div>\n<div>La abuela de Jes\u00fas es muy invocada por las embarazadas<\/div>\n<div>Adem\u00e1s, Santa Ana recibe las invocaciones de las mujeres embarazadas, a fin de que vele sobre su maternidad. Mientras en una \u00e9poca se realizaba tambi\u00e9n la procesi\u00f3n de las futuras madres y a\u00fan hoy, cada d\u00eda, muchas de ellas van a rezar ante su imagen, que se encuentra detr\u00e1s del altar mayor de esta parroquia.<\/div>\n<div>\u00a0<\/div>\n<div>Fuente: radiovaticano<\/div>\n<p><a href=\"http:\/\/web.hilo.org.pe\/wp-content\/uploads\/Viajedelpapaapolonia.jpg\" target=\"_blank\" rel=\"noopener\">Ver archivo adjunto<\/a><\/p>\n","protected":false},"excerpt":{"rendered":"<p>Una oraci?n por el ?xito del Viaje del  Papa Bergoglio a Polonia y por la JMJ de Cracovia, es la intenci?n que se elevar? durante los d?as del triduo de preparaci?n a la fiesta de Santa Ana en la Pontificia parroquia vaticana, dedicada a la abuela de Jes?s.<\/p>\n","protected":false},"author":1,"featured_media":7855,"comment_status":"closed","ping_status":"closed","sticky":false,"template":"","format":"standard","meta":{"footnotes":""},"categories":[9],"tags":[],"class_list":["post-2869","post","type-post","status-publish","format-standard","has-post-thumbnail","hentry","category-noticias"],"_links":{"self":[{"href":"https:\/\/ceas.org.pe\/index.php\/wp-json\/wp\/v2\/posts\/2869","targetHints":{"allow":["GET"]}}],"collection":[{"href":"https:\/\/ceas.org.pe\/index.php\/wp-json\/wp\/v2\/posts"}],"about":[{"href":"https:\/\/ceas.org.pe\/index.php\/wp-json\/wp\/v2\/types\/post"}],"author":[{"embeddable":true,"href":"https:\/\/ceas.org.pe\/index.php\/wp-json\/wp\/v2\/users\/1"}],"replies":[{"embeddable":true,"href":"https:\/\/ceas.org.pe\/index.php\/wp-json\/wp\/v2\/comments?post=2869"}],"version-history":[{"count":1,"href":"https:\/\/ceas.org.pe\/index.php\/wp-json\/wp\/v2\/posts\/2869\/revisions"}],"predecessor-version":[{"id":6349,"href":"https:\/\/ceas.org.pe\/index.php\/wp-json\/wp\/v2\/posts\/2869\/revisions\/6349"}],"wp:featuredmedia":[{"embeddable":true,"href":"https:\/\/ceas.org.pe\/index.php\/wp-json\/wp\/v2\/media\/7855"}],"wp:attachment":[{"href":"https:\/\/ceas.org.pe\/index.php\/wp-json\/wp\/v2\/media?parent=2869"}],"wp:term":[{"taxonomy":"category","embeddable":true,"href":"https:\/\/ceas.org.pe\/index.php\/wp-json\/wp\/v2\/categories?post=2869"},{"taxonomy":"post_tag","embeddable":true,"href":"https:\/\/ceas.org.pe\/index.php\/wp-json\/wp\/v2\/tags?post=2869"}],"curies":[{"name":"wp","href":"https:\/\/api.w.org\/{rel}","templated":true}]}}