{"id":2868,"date":"2016-07-19T13:39:02","date_gmt":"2016-07-19T13:39:02","guid":{"rendered":""},"modified":"2026-03-11T09:12:02","modified_gmt":"2026-03-11T14:12:02","slug":"francisco-llama-por-telofono-a-niza-tras-atentado-extremista","status":"publish","type":"post","link":"https:\/\/ceas.org.pe\/index.php\/2016\/07\/19\/francisco-llama-por-telofono-a-niza-tras-atentado-extremista\/","title":{"rendered":"Francisco llama por tel\u00f3fono a Niza tras atentado extremista"},"content":{"rendered":"<p>Una vez m\u00e1s, el Papa Francisco expres\u00f3 su cercan\u00eda a los familiares de las v\u00edctimas de la tragedia en el Paseo de los Ingleses de Niza ocurrida el pasado 14 de julio mientras festejaban la toma de la Bastilla, fiesta nacional de Francia.<\/p>\n<p>Tras el env\u00edo de un telegrama a monse\u00f1or Andr\u00e9 Marceau, Obispo de Niza firmado por el Secretario de Estado, el cardenal Pietro Parolin y el llamamiento despu\u00e9s del rezo del \u00c1ngelus dominical, el Obispo de Roma habl\u00f3 por tel\u00e9fono con el alcalde de Niza, Christian Estrosi y con el presidente de \u201cAmigos Franco-italianos\u201d, Paolo Celi.<\/p>\n<div>En entrevista a Radio Vaticano al micr\u00f3fono de nuestra compa\u00f1era Giada Aquilino, el se\u00f1or Paolo Celi relata la llamada con el Papa:<\/div>\n<div>\u00a0<\/div>\n<div>\u201cNo esperaba absolutamente la llamada. Cuando respond\u00ed, escuch\u00e9, \u201cPaolo, soy Papa Francisco\u201d. \u00a1Fue un momento de silencio de mi parte! Despu\u00e9s, obviamente me invit\u00f3 a llevar a toda la ciudad de Niza, a todas las familias de las v\u00edctimas, su mensaje de solidaridad y consuelo diciendo: \u00bfQu\u00e9 puedo hacer?<\/div>\n<div>\u00a0<\/div>\n<div>\u00bfEl Papa le dijo que encontrar\u00e1 a los familiares de las v\u00edctimas?<\/div>\n<div>\u201cHemos tambi\u00e9n hablado -hemos estado un poco de tiempo al tel\u00e9fono- de un encuentro en Roma en el futuro pr\u00f3ximo, sin fijar todav\u00eda una fecha\u201d.<\/div>\n<div>\u00a0<\/div>\n<div>El Papa habl\u00f3 tambi\u00e9n con el alcalde de Niza \u00bfQu\u00e9 reflexi\u00f3n surgi\u00f3 del dolor, de la sangre derramada?<\/div>\n<div>\u00a0<\/div>\n<div>\u201cChristian Estrosi vio verdaderamente con sus ojos im\u00e1genes incre\u00edbles. El Santo Padre le volvi\u00f3 a dar la energ\u00eda necesaria en esta situaci\u00f3n. Aquella del Papa fue una llamada que dio consuelo a miles de personas que trabajan por aliviar el dolor. Ha sido verdaderamente fundamental\u201d.<\/div>\n<div>\u00a0<\/div>\n<div>Recordamos las palabras del Papa Francisco al finalizar el rezo del \u00c1ngelus el domingo 17 de julio.<\/div>\n<div>\u00a0<\/div>\n<div>\u201cEn nuestros corazones est\u00e1 vivo el dolor por la tragedia que, la noche del pasado jueves, en Niza, ha truncado muchas vidas inocentes, incluso muchos ni\u00f1os. Estoy cerca a cada familia y a la entera naci\u00f3n francesa de luto. Dios, Padre bueno, acoja a todas las v\u00edctimas en su paz, sostenga a los heridos y conforte a los familiares; \u00c9l aleje todo proyecto de terror y de muerte, para que ning\u00fan hombre ose m\u00e1s derramar la sangre del hermano. Un abrazo paterno y fraterno a todos los habitantes de Niza y a toda la naci\u00f3n francesa. Y ahora, todos juntos, oremos pensando en esta tragedia, en las victimas, en los familiares. Oremos primero en silencio\u2026 Ave Mar\u00eda\u2026\u201d<\/div>\n<div>\u00a0<\/div>\n<div>Fuente: Radio Vaticana<\/div>\n<p><a href=\"http:\/\/web.hilo.org.pe\/wp-content\/uploads\/Franciscollamaa nizapor telefono.jpg\" target=\"_blank\" rel=\"noopener\">Ver archivo adjunto<\/a><\/p>\n","protected":false},"excerpt":{"rendered":"<p>Una vez m?s, el Papa Francisco expres? su cercan?a a los familiares de las v?ctimas de la tragedia en el Paseo de los Ingleses de Niza ocurrida el pasado 14 de julio mientras festejaban la toma de la Bastilla, fiesta nacional de Francia.<\/p>\n","protected":false},"author":1,"featured_media":7855,"comment_status":"closed","ping_status":"closed","sticky":false,"template":"","format":"standard","meta":{"footnotes":""},"categories":[9],"tags":[],"class_list":["post-2868","post","type-post","status-publish","format-standard","has-post-thumbnail","hentry","category-noticias"],"_links":{"self":[{"href":"https:\/\/ceas.org.pe\/index.php\/wp-json\/wp\/v2\/posts\/2868","targetHints":{"allow":["GET"]}}],"collection":[{"href":"https:\/\/ceas.org.pe\/index.php\/wp-json\/wp\/v2\/posts"}],"about":[{"href":"https:\/\/ceas.org.pe\/index.php\/wp-json\/wp\/v2\/types\/post"}],"author":[{"embeddable":true,"href":"https:\/\/ceas.org.pe\/index.php\/wp-json\/wp\/v2\/users\/1"}],"replies":[{"embeddable":true,"href":"https:\/\/ceas.org.pe\/index.php\/wp-json\/wp\/v2\/comments?post=2868"}],"version-history":[{"count":1,"href":"https:\/\/ceas.org.pe\/index.php\/wp-json\/wp\/v2\/posts\/2868\/revisions"}],"predecessor-version":[{"id":6350,"href":"https:\/\/ceas.org.pe\/index.php\/wp-json\/wp\/v2\/posts\/2868\/revisions\/6350"}],"wp:featuredmedia":[{"embeddable":true,"href":"https:\/\/ceas.org.pe\/index.php\/wp-json\/wp\/v2\/media\/7855"}],"wp:attachment":[{"href":"https:\/\/ceas.org.pe\/index.php\/wp-json\/wp\/v2\/media?parent=2868"}],"wp:term":[{"taxonomy":"category","embeddable":true,"href":"https:\/\/ceas.org.pe\/index.php\/wp-json\/wp\/v2\/categories?post=2868"},{"taxonomy":"post_tag","embeddable":true,"href":"https:\/\/ceas.org.pe\/index.php\/wp-json\/wp\/v2\/tags?post=2868"}],"curies":[{"name":"wp","href":"https:\/\/api.w.org\/{rel}","templated":true}]}}