{"id":2867,"date":"2016-07-18T16:03:15","date_gmt":"2016-07-18T16:03:15","guid":{"rendered":""},"modified":"2026-03-11T09:12:02","modified_gmt":"2026-03-11T14:12:02","slug":"impresionante-como-contaron-de-la-violencia","status":"publish","type":"post","link":"https:\/\/ceas.org.pe\/index.php\/2016\/07\/18\/impresionante-como-contaron-de-la-violencia\/","title":{"rendered":"Impresionante como contaron de la violencia"},"content":{"rendered":"<p>\u00a0<span style=\"font-size: 12pt; line-height: 200%; text-align: center;\">\u201cImpresionante como contaron de la violencia\u201d<\/span><\/p>\n<p class=\"MsoNormal\" style=\"margin-bottom: 0.0001pt; text-align: justify; line-height: 11.7pt; background-image: initial; background-attachment: initial; background-size: initial; background-origin: initial; background-clip: initial; background-position: initial; background-repeat: initial;\">En el Konradsblatt (Seminario de Friburgo) publicaron un art\u00edculo de una entrevista con Monse\u00f1or Stephan Burger, Arzobispo de Friburgo y Presidente de Misereor y Claudia Debes (responsable del programa de voluntarios en Friburgo) donde ellos mencionan que lo m\u00e1s impresionante del viaje ha sido como las se\u00f1oras en CEAS hablaban de sus experiencias con la violencia.<span style=\"mso-fareast-font-family:\"Times New Roman\";mso-bidi-font-family:\"Times New Roman\";\ncolor:#5C5C5C;mso-fareast-language:ES-PE\"><o:p><\/o:p><\/span><\/p>\n<p class=\"MsoNormal\" style=\"margin-bottom: 0.0001pt; text-align: justify; line-height: 11.7pt; background-image: initial; background-attachment: initial; background-size: initial; background-origin: initial; background-clip: initial; background-position: initial; background-repeat: initial;\">La Partnerschaft Per\u00fa-Friburgo celebra su 30\u00ba Aniversario por tal raz\u00f3n visito una delegaci\u00f3n de Friburgo el Per\u00fa. Nuestro reportero del KONRADSBLATT Thomas Arzner estuvo en el Per\u00fa e hizo entrevistas a Mons. Stephan Burger, Arzobispo de Friburgo y Claudia Debes (responsable del programa de voluntarios en Friburgo).<o:p><\/o:p><\/p>\n<p class=\"MsoNormal\" style=\"margin-bottom: 0.0001pt; text-align: justify; line-height: 11.7pt; background-image: initial; background-attachment: initial; background-size: initial; background-origin: initial; background-clip: initial; background-position: initial; background-repeat: initial;\">Mons. Stephan Burger, Arzobispo de Friburgo:<o:p><\/o:p><\/p>\n<p class=\"MsoNormal\" style=\"margin-bottom: 0.0001pt; text-align: justify; line-height: 11.7pt; background-image: initial; background-attachment: initial; background-size: initial; background-origin: initial; background-clip: initial; background-position: initial; background-repeat: initial;\">\u201c\u2026Hasta ahora sigo pensando en nuestra visita a CEAS. Pudimos conocer en este encuentro se\u00f1oras que han sufrido el terror de Sendero Luminoso y el Militar. Ellas han perdido sus esposos, sus hijos y luchan ahora por justicia. CEAS apoya estas se\u00f1oras tambi\u00e9n con colaboraci\u00f3n de Friburgo. A ver el valor y la esperanza de estas se\u00f1oras es muy conmovedor\u2026\u201d<o:p><\/o:p><\/p>\n<p class=\"MsoNormal\" style=\"margin-bottom: 0.0001pt; text-align: justify; line-height: 11.7pt; background-image: initial; background-attachment: initial; background-size: initial; background-origin: initial; background-clip: initial; background-position: initial; background-repeat: initial;\">Se\u00f1ora Debes, \u00bfqu\u00e9 ha sido lo m\u00e1s impresionante de su visita al Per\u00fa?<o:p><\/o:p><\/p>\n<p class=\"MsoNormal\" style=\"margin-bottom: 0.0001pt; text-align: justify; line-height: 11.7pt; background-image: initial; background-attachment: initial; background-size: initial; background-origin: initial; background-clip: initial; background-position: initial; background-repeat: initial;\">Muy impresionante ha sido el encuentro con las se\u00f1oras que nos compart\u00edan sus testimonios de la \u00e9poca del conflicto interno en el Per\u00fa, sea con los militares o con Sendero Luminoso. Ellas contaron con mucha sinceridad sus experiencias de dolor lo cual ha sido muy conmovedor. Me ha chocado que estas experiencias siguen siendo tan traum\u00e1ticas hasta ahora despu\u00e9s de 20, 25 30 a\u00f1os. Al mismo tiempo he sido muy agradecida que ellas han tenido el valor de contar sus impresionantes historias. Este encuentro tambi\u00e9n demostr\u00f3 que valioso es la labor que realiza CEAS. La manera como las se\u00f1oras han contado de la violencia, quedar\u00e1 para siempre. Esto ha sido un gran regalo para mi\u2026\u201d\u00a0\u00a0\u00a0\u00a0\u00a0\u00a0\u00a0\u00a0\u00a0\u00a0\u00a0\u00a0\u00a0\u00a0\u00a0\u00a0\u00a0\u00a0\u00a0\u00a0\u00a0\u00a0\u00a0\u00a0\u00a0\u00a0\u00a0\u00a0\u00a0\u00a0\u00a0 \u00a0\u00a0\u00a0\u00a0\u00a0\u00a0\u00a0\u00a0\u00a0\u00a0\u00a0\u00a0\u00a0\u00a0\u00a0 <o:p><\/o:p><\/p>\n<p class=\"MsoNormal\" align=\"right\" style=\"margin: 0cm 0cm 12pt 106.2pt; text-align: right; text-indent: 35.4pt; line-height: 11.7pt; background-image: initial; background-attachment: initial; background-size: initial; background-origin: initial; background-clip: initial; background-position: initial; background-repeat: initial;\">(traducci\u00f3n del Konradsblatt de J\u00fcrgen Huber)<o:p><\/o:p><\/p>\n<p><a href=\"http:\/\/web.hilo.org.pe\/wp-content\/uploads\/Claudia Debes.jpg\" target=\"_blank\" rel=\"noopener\">Ver archivo adjunto<\/a><\/p>\n","protected":false},"excerpt":{"rendered":"<p>En el Konradsblatt (Seminario de Friburgo) publicaron un art?culo de una entrevista con Monse?or Stephan Burger, Arzobispo de Friburgo y Presidente de Misereor y Claudia Debes (responsable del programa de voluntarios en Friburgo) donde ellos mencionan que lo m?s impresionante del viaje ha sido como las se?oras en CEAS hablaban de sus experiencias con la violencia.<\/p>\n","protected":false},"author":1,"featured_media":8103,"comment_status":"closed","ping_status":"closed","sticky":false,"template":"","format":"standard","meta":{"footnotes":""},"categories":[9],"tags":[],"class_list":["post-2867","post","type-post","status-publish","format-standard","has-post-thumbnail","hentry","category-noticias"],"_links":{"self":[{"href":"https:\/\/ceas.org.pe\/index.php\/wp-json\/wp\/v2\/posts\/2867","targetHints":{"allow":["GET"]}}],"collection":[{"href":"https:\/\/ceas.org.pe\/index.php\/wp-json\/wp\/v2\/posts"}],"about":[{"href":"https:\/\/ceas.org.pe\/index.php\/wp-json\/wp\/v2\/types\/post"}],"author":[{"embeddable":true,"href":"https:\/\/ceas.org.pe\/index.php\/wp-json\/wp\/v2\/users\/1"}],"replies":[{"embeddable":true,"href":"https:\/\/ceas.org.pe\/index.php\/wp-json\/wp\/v2\/comments?post=2867"}],"version-history":[{"count":1,"href":"https:\/\/ceas.org.pe\/index.php\/wp-json\/wp\/v2\/posts\/2867\/revisions"}],"predecessor-version":[{"id":6351,"href":"https:\/\/ceas.org.pe\/index.php\/wp-json\/wp\/v2\/posts\/2867\/revisions\/6351"}],"wp:featuredmedia":[{"embeddable":true,"href":"https:\/\/ceas.org.pe\/index.php\/wp-json\/wp\/v2\/media\/8103"}],"wp:attachment":[{"href":"https:\/\/ceas.org.pe\/index.php\/wp-json\/wp\/v2\/media?parent=2867"}],"wp:term":[{"taxonomy":"category","embeddable":true,"href":"https:\/\/ceas.org.pe\/index.php\/wp-json\/wp\/v2\/categories?post=2867"},{"taxonomy":"post_tag","embeddable":true,"href":"https:\/\/ceas.org.pe\/index.php\/wp-json\/wp\/v2\/tags?post=2867"}],"curies":[{"name":"wp","href":"https:\/\/api.w.org\/{rel}","templated":true}]}}