{"id":2866,"date":"2016-07-18T10:42:15","date_gmt":"2016-07-18T10:42:15","guid":{"rendered":""},"modified":"2026-03-11T09:12:02","modified_gmt":"2026-03-11T14:12:02","slug":"se-realizo-primer-encuentro-regional-arquidiocesano-en-ayacucho","status":"publish","type":"post","link":"https:\/\/ceas.org.pe\/index.php\/2016\/07\/18\/se-realizo-primer-encuentro-regional-arquidiocesano-en-ayacucho\/","title":{"rendered":"Se realiz\u00f3 primer Encuentro Regional Arquidiocesano en Ayacucho"},"content":{"rendered":"<div>\n<div>(Per\u00fa Cat\u00f3lico) El Arzobispo de Ayacucho y Presidente de la Conferencia Episcopal Peruana, Monse\u00f1or Salvador Pi\u00f1eiro, clausur\u00f3 el primer Encuentro Regional Arquidiocesano en Ayacucho con una Solemne Eucarist\u00eda acompa\u00f1ado de sus sacerdotes.<\/div>\n<div>\u00a0<\/div>\n<div>Ante m\u00e1s de 8 mil personas en la explanada de la parroquia Sagrada Familia se clausur\u00f3 este Encuentro que tuvo como objetivo catequizar a los pobladores y fieles venidos de todas las regiones de esta hermosa ciudad en la sierra del Per\u00fa.<\/div>\n<div>\u00a0<\/div>\n<div>Monse\u00f1or Salvador Pi\u00f1eiro se\u00f1al\u00f3 en su homil\u00eda que Cristo es el centro de nuestras vidas y que debemos hacerlo part\u00edcipes en nuestro trabajo, estudio y campo. El Arzobispo resalt\u00f3 las palabras de una fiel que dijo \u201chay que estar con el catecismo y el rosario en la mano\u201d.<\/div>\n<div>\u00a0<\/div>\n<div>A esta clausura asistieron hermanas religiosas de la localidad, sacerdotes, fieles de toda la regi\u00f3n. Durante la celebraci\u00f3n muchos agricultores y fieles del campo presentaron ofrendas fruto de la tierra y del trabajo del hombre.<\/div>\n<div>\u00a0<\/div>\n<div>Al finalizar la celebraci\u00f3n de clausura se entregaron tres cruces, una para cada regi\u00f3n. Con esto cada parte tendr\u00e1 su propia celebraci\u00f3n anualmente.<\/div>\n<div>\u00a0<\/div>\n<div>Cabe resaltar que este fue el Primer Encuentro Regional Arquidiocesano, y se celebrar\u00e1 cada 3 a\u00f1os.<\/div>\n<div>\u00a0<\/div>\n<div>Dato: Monse\u00f1or Salvador Pi\u00f1eiro resalt\u00f3 la \u2018multiplicaci\u00f3n de los panes y peces\u2019 e \u00a0invit\u00f3 a los presentes a compartir de un almuerzo de confraternidad \u00a0que fue preparado por los mismos pobladores con ayuda de hermanos sacerdotes y religiosas. De esta manera se dio por clausurado este evento Arquidiocesano.<\/div>\n<div>\u00a0<\/div>\n<div>Fuente:\u00a0Arquidiocesano de Ayacucho<\/div>\n<\/div>\n<p><a href=\"http:\/\/web.hilo.org.pe\/wp-content\/uploads\/Primer Encuentro Regional Arquidiocesano en Ayacucho.jpg\" target=\"_blank\" rel=\"noopener\">Ver archivo adjunto<\/a><\/p>\n","protected":false},"excerpt":{"rendered":"<p>(Per? Cat?lico) El Arzobispo de Ayacucho y Presidente de la Conferencia Episcopal Peruana, Monse?or Salvador Pi?eiro, clausur? el primer Encuentro Regional Arquidiocesano en Ayacucho con una Solemne Eucarist?a acompa?ado de sus sacerdotes.<\/p>\n","protected":false},"author":1,"featured_media":7862,"comment_status":"closed","ping_status":"closed","sticky":false,"template":"","format":"standard","meta":{"footnotes":""},"categories":[9],"tags":[],"class_list":["post-2866","post","type-post","status-publish","format-standard","has-post-thumbnail","hentry","category-noticias"],"_links":{"self":[{"href":"https:\/\/ceas.org.pe\/index.php\/wp-json\/wp\/v2\/posts\/2866","targetHints":{"allow":["GET"]}}],"collection":[{"href":"https:\/\/ceas.org.pe\/index.php\/wp-json\/wp\/v2\/posts"}],"about":[{"href":"https:\/\/ceas.org.pe\/index.php\/wp-json\/wp\/v2\/types\/post"}],"author":[{"embeddable":true,"href":"https:\/\/ceas.org.pe\/index.php\/wp-json\/wp\/v2\/users\/1"}],"replies":[{"embeddable":true,"href":"https:\/\/ceas.org.pe\/index.php\/wp-json\/wp\/v2\/comments?post=2866"}],"version-history":[{"count":1,"href":"https:\/\/ceas.org.pe\/index.php\/wp-json\/wp\/v2\/posts\/2866\/revisions"}],"predecessor-version":[{"id":6352,"href":"https:\/\/ceas.org.pe\/index.php\/wp-json\/wp\/v2\/posts\/2866\/revisions\/6352"}],"wp:featuredmedia":[{"embeddable":true,"href":"https:\/\/ceas.org.pe\/index.php\/wp-json\/wp\/v2\/media\/7862"}],"wp:attachment":[{"href":"https:\/\/ceas.org.pe\/index.php\/wp-json\/wp\/v2\/media?parent=2866"}],"wp:term":[{"taxonomy":"category","embeddable":true,"href":"https:\/\/ceas.org.pe\/index.php\/wp-json\/wp\/v2\/categories?post=2866"},{"taxonomy":"post_tag","embeddable":true,"href":"https:\/\/ceas.org.pe\/index.php\/wp-json\/wp\/v2\/tags?post=2866"}],"curies":[{"name":"wp","href":"https:\/\/api.w.org\/{rel}","templated":true}]}}