{"id":2865,"date":"2016-07-18T10:36:37","date_gmt":"2016-07-18T10:36:37","guid":{"rendered":""},"modified":"2026-03-11T09:12:02","modified_gmt":"2026-03-11T14:12:02","slug":"colombia-comunicado-de-los-obispos-ante-la-mineroa-ilegal","status":"publish","type":"post","link":"https:\/\/ceas.org.pe\/index.php\/2016\/07\/18\/colombia-comunicado-de-los-obispos-ante-la-mineroa-ilegal\/","title":{"rendered":"Colombia: Comunicado de los obispos ante la miner\u00f3a ilegal"},"content":{"rendered":"<p>Los Obispos de las Provincias Eclesi\u00e1sticas de Medell\u00edn y Santa Fe de Antioquia, preocupados por la explotaci\u00f3n minera emitieron un comunicado a la opini\u00f3n p\u00fablica, que compartimos.\u00a0<\/p>\n<p>COMUNICADO DE PRENSA<\/p>\n<div>LA MINER\u00cdA IRRESPONSABLE NOS EST\u00c1 DESTRUYENDO<\/div>\n<div>\u00a0<\/div>\n<div>Los Obispos de las Provincias Eclesi\u00e1sticas de Medell\u00edn y Santa Fe de Antioquia, que corresponden a los Departamentos de Antioquia y Choc\u00f3, ante las graves y preocupantes situaciones que siguen apareciendo en relaci\u00f3n con la explotaci\u00f3n minera en los territorios de las comunidades que est\u00e1n bajo nuestro cuidado pastoral, manifestamos ante la opini\u00f3n p\u00fablica:\u00a0<\/div>\n<div>\u00a0<\/div>\n<div>1. Como pastores, en repetidas ocasiones y especialmente a trav\u00e9s de nuestra Carta Pastoral sobre la Miner\u00eda, publicada el 26 de julio de 2015, hemos alzado nuestra voz y llamado la atenci\u00f3n contra los efectos nocivos de la explotaci\u00f3n de los recursos naturales, y particularmente del ejercicio irresponsable de la miner\u00eda. Estas actividades han tra\u00eddo graves repercusiones para el medio ambiente, la dignidad humana y la convivencia social en nuestras comunidades.\u00a0<\/div>\n<div>\u00a0<\/div>\n<div>2. Hemos constatado que, a pesar de nuestras denuncias, sumadas a las de muchas otras instituciones, organizaciones y medios de comunicaci\u00f3n social, las problem\u00e1ticas en torno a la explotaci\u00f3n minera en vez de mejorar han empeorado.\u00a0<\/div>\n<div>\u00a0<\/div>\n<div>3. Suscitan en nosotros particular preocupaci\u00f3n, a ra\u00edz de recientes informes sobre el tema, dos grav\u00edsimas situaciones: el alto \u00edndice de deforestaci\u00f3n, como consecuencia de la extracci\u00f3n minera a cielo abierto, y las afectaciones causadas en el ambiente y en las personas por la contaminaci\u00f3n con mercurio .<\/div>\n<div>\u00a0<\/div>\n<div>\u00a04. Nos reafirmamos en cuanto hemos manifestado en nuestra Carta Pastoral sobre la Miner\u00eda e invitamos de nuevo a los organismos del Estado colombiano, a las empresas nacionales e internacionales y a la sociedad civil, a actuar decididamente para evitar que la miner\u00eda mecanizada, con sus dragas y retroexcavadoras, siga destruyendo el medio ambiente y la salud de las personas en nuestro pa\u00eds. Se deben implementar medidas eficaces para detener el actual desastre ambiental y social.\u00a0<\/div>\n<div>\u00a0<\/div>\n<div>5. Insistimos en la necesidad de propiciar un cambio de mentalidad para que no se conciba la miner\u00eda como opci\u00f3n privilegiada para el desarrollo econ\u00f3mico. Exhortamos a favorecer otras actividades para la subsistencia de los pobladores de las zonas de miner\u00eda, como la agricultura, la pesca, las artesan\u00edas, el turismo ecol\u00f3gico, todo ello desde una aut\u00e9ntica valoraci\u00f3n de la biodiversidad.<\/div>\n<div>\u00a0<\/div>\n<div>\u00a06. Reiteramos que la lucha contra la miner\u00eda ilegal requiere acabar con la corrupci\u00f3n de algunos servidores p\u00fablicos, hacer realmente operativas las Instituciones del Estado y contrarrestar la acci\u00f3n de los grupos armados ilegales. De igual modo, en la perspectiva del post-acuerdo con las FARC, se debe garantizar que esta guerrilla renuncie definitivamente a la miner\u00eda.\u00a0<\/div>\n<div>\u00a0<\/div>\n<div>\u00a07. Enfatizamos que ambas, la actual miner\u00eda mecanizada y la megaminer\u00eda de empresas multinacionales, da\u00f1an gravemente el medio ambiente y perjudican la salud de las personas.\u00a0<\/div>\n<div>\u00a0<\/div>\n<div>8. Con el Papa Francisco proclamamos que \u201ces necesario que se escuche el grito de tantas personas, familias y comunidades que sufren directa o indirectamente por las consecuencias, a menudo demasiado negativas de la actividad minera\u201d . \u00a0<\/div>\n<div>\u00a0<\/div>\n<div>+ Ricardo Tob\u00f3n Restrepo Arzobispo de Medell\u00edn\u00a0<\/div>\n<div>+ Guillermo Orozco Montoya Obispo de Girardota\u00a0<\/div>\n<div>+ Jorge Alberto Ossa Soto Obispo de Santa Rosa de Osos\u00a0<\/div>\n<div>+ Julio Hernando Garc\u00eda Pel\u00e1ez Obispo de Istmina \u2013 Tad\u00f3<\/div>\n<div>\u00a0+ C\u00e9sar A. Balb\u00edn Tamayo Obispo de Caldas\u00a0<\/div>\n<div>+ Edgar Aristiz\u00e1bal Quintero Obispo auxiliar de Medell\u00edn\u00a0<\/div>\n<div>+ Orlando Corrales Garc\u00eda Arzobispo de Santa Fe de Antioquia\u00a0<\/div>\n<div>+ Fidel Le\u00f3n Cadavid Mar\u00edn Obispo de Sons\u00f3n \u2013 Rionegro\u00a0<\/div>\n<div>+ Juan Carlos Barreto Barreto Obispo de Quibd\u00f3<\/div>\n<div>\u00a0+ Noel Londo\u00f1o Buitrago Obispo de Jeric\u00f3<\/div>\n<div>\u00a0+ Hugo Alberto Torres Mar\u00edn Obispo de Apartad\u00f3<\/div>\n<div>\u00a0+ Elkin Fernando \u00c1lvarez Botero Obispo auxiliar de Medell\u00edn\u00a0<\/div>\n<div>\u00a0<\/div>\n<div>Bogot\u00e1, 6 de julio de 2016<\/div>\n<div>\u00a0<\/div>\n<div>Fuente: Conferencia Episcopal de Colombia<\/div>\n<p><a href=\"http:\/\/web.hilo.org.pe\/wp-content\/uploads\/Mineriailegal.jpg\" target=\"_blank\" rel=\"noopener\">Ver archivo adjunto<\/a><\/p>\n","protected":false},"excerpt":{"rendered":"<p>Los Obispos de las Provincias Eclesi?sticas de Medell?n y Santa Fe de Antioquia, preocupados por la explotaci?n minera emitieron un comunicado a la opini?n p?blica, que compartimos.<\/p>\n","protected":false},"author":1,"featured_media":7854,"comment_status":"closed","ping_status":"closed","sticky":false,"template":"","format":"standard","meta":{"footnotes":""},"categories":[9],"tags":[],"class_list":["post-2865","post","type-post","status-publish","format-standard","has-post-thumbnail","hentry","category-noticias"],"_links":{"self":[{"href":"https:\/\/ceas.org.pe\/index.php\/wp-json\/wp\/v2\/posts\/2865","targetHints":{"allow":["GET"]}}],"collection":[{"href":"https:\/\/ceas.org.pe\/index.php\/wp-json\/wp\/v2\/posts"}],"about":[{"href":"https:\/\/ceas.org.pe\/index.php\/wp-json\/wp\/v2\/types\/post"}],"author":[{"embeddable":true,"href":"https:\/\/ceas.org.pe\/index.php\/wp-json\/wp\/v2\/users\/1"}],"replies":[{"embeddable":true,"href":"https:\/\/ceas.org.pe\/index.php\/wp-json\/wp\/v2\/comments?post=2865"}],"version-history":[{"count":1,"href":"https:\/\/ceas.org.pe\/index.php\/wp-json\/wp\/v2\/posts\/2865\/revisions"}],"predecessor-version":[{"id":6353,"href":"https:\/\/ceas.org.pe\/index.php\/wp-json\/wp\/v2\/posts\/2865\/revisions\/6353"}],"wp:featuredmedia":[{"embeddable":true,"href":"https:\/\/ceas.org.pe\/index.php\/wp-json\/wp\/v2\/media\/7854"}],"wp:attachment":[{"href":"https:\/\/ceas.org.pe\/index.php\/wp-json\/wp\/v2\/media?parent=2865"}],"wp:term":[{"taxonomy":"category","embeddable":true,"href":"https:\/\/ceas.org.pe\/index.php\/wp-json\/wp\/v2\/categories?post=2865"},{"taxonomy":"post_tag","embeddable":true,"href":"https:\/\/ceas.org.pe\/index.php\/wp-json\/wp\/v2\/tags?post=2865"}],"curies":[{"name":"wp","href":"https:\/\/api.w.org\/{rel}","templated":true}]}}