{"id":2864,"date":"2016-07-15T10:48:00","date_gmt":"2016-07-15T10:48:00","guid":{"rendered":""},"modified":"2026-03-11T09:12:02","modified_gmt":"2026-03-11T14:12:02","slug":"pronunciamiento-por-la-nioez-y-adolescencia-del-pero","status":"publish","type":"post","link":"https:\/\/ceas.org.pe\/index.php\/2016\/07\/15\/pronunciamiento-por-la-nioez-y-adolescencia-del-pero\/","title":{"rendered":"Pronunciamiento por la ni\u00f3ez y adolescencia del Per\u00f3"},"content":{"rendered":"<div>Decenas de organizaciones de sociedad civil e instituciones dedicadas a la promoci\u00f3n y defensa de los derechos de las ni\u00f1as, ni\u00f1os y adolescentes en el Per\u00fa, emitieron el pronunciamiento \u00abSin presupuesto no hay derechos\u00bb, \u00a0como parte del Colectivo Interinstitucional por los Derechos de la Ni\u00f1ez y Adolescencia\u201d. Compartimos el texto a continuaci\u00f3n.\u00a0<\/div>\n<div>\u00a0<\/div>\n<div>\u00a0<\/div>\n<div>\n<div>Pronunciamiento por la ni\u00f1ez y adolescencia del Per\u00fa: SIN PRESUPUESTO NO HAY DERECHOS<\/div>\n<div>\u00a0<\/div>\n<div><strong>SIN PRESUPUESTO NO HAY DERECHOS<\/strong><\/div>\n<div><strong>PRONUNCIAMIENTO DEL COLECTIVO INTERINSTITUCIONAL<\/strong><\/div>\n<div><strong>POR LOS DERECHOS DE LA NI\u00d1EZ Y ADOLESCENCIA<\/strong><\/div>\n<div>\u00a0<\/div>\n<div>\u00a0<\/div>\n<div>Las organizaciones de sociedad civil e instituciones dedicadas a la promoci\u00f3n y defensa de los derechos de las ni\u00f1as, ni\u00f1os y adolescentes en el Per\u00fa, reunidas hace m\u00e1s de 10 a\u00f1os como el \u201cColectivo Interinstitucional por los Derechos de la Ni\u00f1ez y Adolescencia\u201d hacemos un llamado, a las autoridades electas y en ejercicio en los tres niveles de gobierno de todo el pa\u00eds, a garantizar el presupuesto necesario para la articulaci\u00f3n e implementaci\u00f3n de las metas y objetivos planteados en el Plan Nacional de Acci\u00f3n por la Infancia y Adolescencia 2012-2021 \u2013 PNAIA, \u00a0en cumplimiento con la Ley 30362 que lo declara de inter\u00e9s nacional y de preferente atenci\u00f3n en el presupuesto p\u00fablico y establece que los recursos para ello sean consignados en las leyes anuales de presupuesto a trav\u00e9s de pliegos nacionales, regionales y locales.<\/div>\n<div>\u00a0<\/div>\n<div>\u00a0<\/div>\n<div>Para hacer posible estos objetivos consideramos fundamental lo siguiente:<\/div>\n<div>\u00a0<\/div>\n<div>\u00a0<\/div>\n<div>Fortalecer las capacidades y funciones de la Comisi\u00f3n Multisectorial Permanente que tiene a su cargo la implementaci\u00f3n y monitoreo del PNAIA, procurar la cobertura de los servicios de protecci\u00f3n y asegurar su intersectorialidad, transversalidad y universalidad en el cumplimiento del plan, a nivel p\u00fablico y privado y a nivel nacional, con un enfoque de g\u00e9nero, inclusivo e intercultural, con participaci\u00f3n de la sociedad civil.<\/div>\n<div>Ampliar la asignaci\u00f3n presupuestal orientada a la protecci\u00f3n frente a la violencia y explotaci\u00f3n sexual de ni\u00f1as, ni\u00f1os y adolescentes, y que se impulse la implementaci\u00f3n prioritaria de la Ley 30403 que proh\u00edbe el castigo f\u00edsico y humillante.<\/div>\n<div>Lograr la universalizaci\u00f3n de acceso a salud p\u00fablica, la ampliaci\u00f3n de la cobertura de vacunaciones, reforzar el proceso de seguimiento para la reducci\u00f3n de la anemia, la desnutrici\u00f3n cr\u00f3nica, el embarazo adolescente y de los casos de tuberculosis.<\/div>\n<div>Aplicar las estrategias adecuadas y necesarias para lograr la cobertura universal de la educaci\u00f3n inicial y primaria de calidad, as\u00ed como la culminaci\u00f3n oportuna de la educaci\u00f3n secundaria, con especial atenci\u00f3n a los y las estudiantes en \u00e1reas rurales.<\/div>\n<div>Implementar mejoras en las funciones de registro, supervisi\u00f3n e intervenci\u00f3n directa para la reintegraci\u00f3n familiar de ni\u00f1as, ni\u00f1os y adolescentes que son desinstitucionalizados, con presupuesto y mecanismos para garantizar su derecho a vivir en familia.<\/div>\n<div>Implementar programas que aseguren la participaci\u00f3n significativa y protag\u00f3nica de las ni\u00f1as, ni\u00f1os y adolescentes en los espacios donde se toman decisiones que los involucran e interesan; como los CCONNAs, Presupuestos Participativos y otras instancias en los diferentes niveles de gobierno, promoviendo as\u00ed, el ejercicio de su ciudadan\u00eda en la escuela, la familia, la comunidad y el pa\u00eds.<\/div>\n<div>\u00a0<\/div>\n<div>\u00a0<\/div>\n<div>Estas y otras mejoras que el Estado implemente para garantizar los derechos de la ni\u00f1ez, contribuyen al cumplimiento de las recomendaciones realizadas por el Comit\u00e9 de los Derechos del Ni\u00f1o al Estado Peruano en enero del presente a\u00f1o.<\/div>\n<div>\u00a0<\/div>\n<div>Expresamos nuestra firme voluntad de trabajo continuo con el Estado para lograr los objetivos y metas del PNAIA, que han sido recogidas en el Acuerdo de Gobernabilidad para el Desarrollo Integral del Per\u00fa 2016-2021 suscrito por el Presidente electo Pedro Pablo Kuczynski as\u00ed como por las y los candidatos a la Presidencia de la Rep\u00fablica, y contribuyen a lograr los Objetivos de Desarrollo Sostenible para la Agenda Global 2030.<\/div>\n<div>\u00a0<\/div>\n<div>Nuevamente nos reafirmamos en la labor que desarrollamos, con la esperanza de lograr un pa\u00eds mejor cohesionado, con justicia y equidad, con una sociedad civil activa y un Estado eficaz.<\/div>\n<div>\u00a0<\/div>\n<div>\u00a0<\/div>\n<div>\u00a0<\/div>\n<div>Lima, 14 de Julio del 2016<\/div>\n<div>\u00a0<\/div>\n<div>\u00a0<\/div>\n<div>\u00a0<\/div>\n<div>Colectivo Interinstitucional por los Derechos de la Ni\u00f1ez y Adolescencia<\/div>\n<div>\u00a0<\/div>\n<div>\u00b7 \u00a0 \u00a0 \u00a0 \u00a0 Asociaci\u00f3n \u00c1gape<\/div>\n<div>\u00a0<\/div>\n<div>\u00b7 \u00a0 \u00a0 \u00a0 \u00a0 Asociaci\u00f3n Adolescentes Trabajadores Organizados &#8211; ATO Colibr\u00ed<\/div>\n<div>\u00a0<\/div>\n<div>\u00b7 \u00a0 \u00a0 \u00a0 \u00a0 Aldeas Infantiles SOS<\/div>\n<div>\u00a0<\/div>\n<div>\u00b7 \u00a0 \u00a0 \u00a0 \u00a0 Asociaci\u00f3n Kusi Warma<\/div>\n<div>\u00a0<\/div>\n<div>\u00b7 \u00a0 \u00a0 \u00a0 \u00a0 Acci\u00f3n por los Ni\u00f1os<\/div>\n<div>\u00a0<\/div>\n<div>\u00b7 \u00a0 \u00a0 \u00a0 \u00a0 Asociaci\u00f3n Nacional de Centros \u2013 ANC<\/div>\n<div>\u00a0<\/div>\n<div>\u00b7 \u00a0 \u00a0 \u00a0 \u00a0 Ayuda a Ni\u00f1os y Adolescentes en Riesgo \u2013 ANAR<\/div>\n<div>\u00a0<\/div>\n<div>\u00b7 \u00a0 \u00a0 \u00a0 \u00a0 Asociaci\u00f3n Solidaridad Pa\u00edses Emergentes- ASPEm<\/div>\n<div>\u00a0<\/div>\n<div>\u00b7 \u00a0 \u00a0 \u00a0 \u00a0 Asociaci\u00f3n Ciudadana de Prevenci\u00f3n de Enfermedades Transmisibles \u2013 Voces Ciudadanas<\/div>\n<div>\u00a0<\/div>\n<div>\u00b7 \u00a0 \u00a0 \u00a0 \u00a0 Asociaci\u00f3n de Familiares de Migrantes Peruanos, Peruanas y Retornantes de Lima Metropolitana<\/div>\n<div>\u00a0<\/div>\n<div>\u00b7 \u00a0 \u00a0 \u00a0 \u00a0 Asociaci\u00f3n Grupo de Trabajo Redes &#8211; La Casa de Panchita<\/div>\n<div>\u00a0<\/div>\n<div>\u00b7 \u00a0 \u00a0 \u00a0 \u00a0 Campa\u00f1a Peruana por el Derecho a la Educaci\u00f3n<\/div>\n<div>\u00a0<\/div>\n<div>\u00b7 \u00a0 \u00a0 \u00a0 \u00a0 Capital Humano y Social CHS Alternativo<\/div>\n<div>\u00a0<\/div>\n<div>\u00b7 \u00a0 \u00a0 \u00a0 \u00a0 CARE Per\u00fa<\/div>\n<div>\u00a0<\/div>\n<div>\u00b7 \u00a0 \u00a0 \u00a0 \u00a0 Centro de Promoci\u00f3n y Defensa de los Derechos Reproductivos &#8211; Promsex<\/div>\n<div>\u00a0<\/div>\n<div>\u00b7 \u00a0 \u00a0 \u00a0 \u00a0 Consejo Consultivo de Ni\u00f1as, Ni\u00f1os y Adolescentes de Lima Metropolitana<\/div>\n<div>\u00a0<\/div>\n<div>\u00b7 \u00a0 \u00a0 \u00a0 \u00a0 Consejo Interreligioso del Per\u00fa<\/div>\n<div>\u00a0<\/div>\n<div>\u00b7 \u00a0 \u00a0 \u00a0 \u00a0 Confederaci\u00f3n General de Trabajadores del Per\u00fa &#8211; CGTP<\/div>\n<div>\u00a0<\/div>\n<div>\u00b7 \u00a0 \u00a0 \u00a0 \u00a0 Cooperazione Internazionale<\/div>\n<div>\u00a0<\/div>\n<div>\u00b7 \u00a0 \u00a0 \u00a0 \u00a0 Conferencia Nacional sobre Desarrollo Social &#8211; CONADES<\/div>\n<div>\u00a0<\/div>\n<div>\u00b7 \u00a0 \u00a0 \u00a0 \u00a0 Defensor\u00eda del Pueblo<\/div>\n<div>\u00a0<\/div>\n<div>\u00b7 \u00a0 \u00a0 \u00a0 \u00a0 Escuela de Formaci\u00f3n Ciudadana- EFC<\/div>\n<div>\u00a0<\/div>\n<div>\u00b7 \u00a0 \u00a0 \u00a0 \u00a0 Forum Solidaridad Per\u00fa<\/div>\n<div>\u00a0<\/div>\n<div>\u00b7 \u00a0 \u00a0 \u00a0 \u00a0 Fundaci\u00f3n Terre des hommes \u2013 Lausanne<\/div>\n<div>\u00a0<\/div>\n<div>\u00b7 \u00a0 \u00a0 \u00a0 \u00a0 Grupo Iniciativa Nacional por los Derechos del Ni\u00f1o \u2013 GIN<\/div>\n<div>\u00a0<\/div>\n<div>\u00b7 \u00a0 \u00a0 \u00a0 \u00a0 Grupo Nacional de Presupuesto P\u00fablico<\/div>\n<div>\u00a0<\/div>\n<div>\u00b7 \u00a0 \u00a0 \u00a0 \u00a0 Iniciativa Ciudadana Inversi\u00f3n en la Infancia<\/div>\n<div>\u00a0<\/div>\n<div>\u00b7 \u00a0 \u00a0 \u00a0 \u00a0 Instituto Promoviendo Desarrollo Social \u2013 IPRODES<\/div>\n<div>\u00a0<\/div>\n<div>\u00b7 \u00a0 \u00a0 \u00a0 \u00a0 Instituto de Formaci\u00f3n para Educadores de J\u00f3venes, Adolescentes y Ni\u00f1os Trabajadores de Am\u00e9rica Latina y el Caribe \u2013 IFEJANT<\/div>\n<div>\u00a0<\/div>\n<div>\u00b7 \u00a0 \u00a0 \u00a0 \u00a0 Integraci\u00f3n y Solidaridad<\/div>\n<div>\u00a0<\/div>\n<div>\u00b7 \u00a0 \u00a0 \u00a0 \u00a0 Instituto de Investigaci\u00f3n Nutricional &#8211; IIN<\/div>\n<div>\u00a0<\/div>\n<div>\u00b7 \u00a0 \u00a0 \u00a0 \u00a0 Mesa de Concertaci\u00f3n para la Lucha contra la Pobreza &#8211; MCLCP<\/div>\n<div>\u00a0<\/div>\n<div>\u00b7 \u00a0 \u00a0 \u00a0 \u00a0 Movimiento de Adolescentes y Ni\u00f1os Trabajadores Hijos de Obreros Cristianos \u2013 MANTHOC<\/div>\n<div>\u00a0<\/div>\n<div>\u00b7 \u00a0 \u00a0 \u00a0 \u00a0 Paz y Esperanza<\/div>\n<div>\u00a0<\/div>\n<div>\u00b7 \u00a0 \u00a0 \u00a0 \u00a0 Plan Internacional<\/div>\n<div>\u00a0<\/div>\n<div>\u00b7 \u00a0 \u00a0 \u00a0 \u00a0 Red Nacional de Ni\u00f1os, Ni\u00f1as y Adolescentes \u2013 REDNNA<\/div>\n<div>\u00a0<\/div>\n<div>\u00b7 \u00a0 \u00a0 \u00a0 \u00a0 Prisma\u00a0<\/div>\n<div>\u00a0<\/div>\n<div>\u00b7 \u00a0 \u00a0 \u00a0 \u00a0 Save The Children<\/div>\n<div>\u00a0<\/div>\n<div>\u00b7 \u00a0 \u00a0 \u00a0 \u00a0 Talleres Infantiles Proyectados a la Comunidad-TIPACOM<\/div>\n<div>\u00a0<\/div>\n<div>\u00b7 \u00a0 \u00a0 \u00a0 \u00a0 Fondo de las Naciones Unidas para la Infancia &#8211; UNICEF<\/div>\n<div>\u00a0<\/div>\n<div>\u00b7 \u00a0 \u00a0 \u00a0 \u00a0 World Vision Per\u00fa<\/div>\n<div>\u00a0<\/div>\n<\/div>\n<div>\u00a0<\/div>\n<div>Fuente: mesadeconcertacion.org.pe<\/div>\n<div>\u00a0<\/div>\n<p><a href=\"http:\/\/web.hilo.org.pe\/wp-content\/uploads\/20160715_Adolescencia.jpg\" target=\"_blank\" rel=\"noopener\">Ver archivo adjunto<\/a><\/p>\n","protected":false},"excerpt":{"rendered":"<p>Decenas de organizaciones de sociedad civil e instituciones dedicadas a la promoci?n y defensa de los derechos de las ni?as, ni?os y adolescentes en el Per?, emitieron el pronunciamiento \u00abSin presupuesto no hay derechos\u00bb,  como parte del Colectivo Interinstitucional por los Derechos de la Ni?ez y Adolescencia?. Compartimos el texto a continuaci?n.<\/p>\n","protected":false},"author":1,"featured_media":7950,"comment_status":"closed","ping_status":"closed","sticky":false,"template":"","format":"standard","meta":{"footnotes":""},"categories":[9],"tags":[],"class_list":["post-2864","post","type-post","status-publish","format-standard","has-post-thumbnail","hentry","category-noticias"],"_links":{"self":[{"href":"https:\/\/ceas.org.pe\/index.php\/wp-json\/wp\/v2\/posts\/2864","targetHints":{"allow":["GET"]}}],"collection":[{"href":"https:\/\/ceas.org.pe\/index.php\/wp-json\/wp\/v2\/posts"}],"about":[{"href":"https:\/\/ceas.org.pe\/index.php\/wp-json\/wp\/v2\/types\/post"}],"author":[{"embeddable":true,"href":"https:\/\/ceas.org.pe\/index.php\/wp-json\/wp\/v2\/users\/1"}],"replies":[{"embeddable":true,"href":"https:\/\/ceas.org.pe\/index.php\/wp-json\/wp\/v2\/comments?post=2864"}],"version-history":[{"count":1,"href":"https:\/\/ceas.org.pe\/index.php\/wp-json\/wp\/v2\/posts\/2864\/revisions"}],"predecessor-version":[{"id":6354,"href":"https:\/\/ceas.org.pe\/index.php\/wp-json\/wp\/v2\/posts\/2864\/revisions\/6354"}],"wp:featuredmedia":[{"embeddable":true,"href":"https:\/\/ceas.org.pe\/index.php\/wp-json\/wp\/v2\/media\/7950"}],"wp:attachment":[{"href":"https:\/\/ceas.org.pe\/index.php\/wp-json\/wp\/v2\/media?parent=2864"}],"wp:term":[{"taxonomy":"category","embeddable":true,"href":"https:\/\/ceas.org.pe\/index.php\/wp-json\/wp\/v2\/categories?post=2864"},{"taxonomy":"post_tag","embeddable":true,"href":"https:\/\/ceas.org.pe\/index.php\/wp-json\/wp\/v2\/tags?post=2864"}],"curies":[{"name":"wp","href":"https:\/\/api.w.org\/{rel}","templated":true}]}}