{"id":2863,"date":"2016-07-15T10:42:46","date_gmt":"2016-07-15T10:42:46","guid":{"rendered":""},"modified":"2026-03-11T09:12:02","modified_gmt":"2026-03-11T14:12:02","slug":"santo-padre-condena-atentado-en-francia-y-rechaza-toda-manifestacion-de-olocura-homicidao","status":"publish","type":"post","link":"https:\/\/ceas.org.pe\/index.php\/2016\/07\/15\/santo-padre-condena-atentado-en-francia-y-rechaza-toda-manifestacion-de-olocura-homicidao\/","title":{"rendered":"Santo Padre condena atentado en Francia y rechaza toda manifestaci\u00f3n de \u00f3locura homicida\u00f3"},"content":{"rendered":"<p>El Director de la Sala de Prensa del Vaticano, P. Federico Lombardi, se\u00f1al\u00f3 que el Papa Francisco expresa su solidaridad con el sufrimiento de las v\u00edctimas y toda Francia, adem\u00e1s de condenar toda \u201clocura homicida\u201d, tras el atentado de Niza que hasta el momento ha cobrado la vida de unas 80 personas y que ha dejado a otras 100 heridas.<\/p>\n<div>\u00a0<\/div>\n<div>En una declaraci\u00f3n dada a conocer por Radio Vaticana este 15 de julio, el P. Lombardi afirm\u00f3 que \u201chemos seguido esta noche, con grand\u00edsima preocupaci\u00f3n, las terribles noticias que ven\u00edan de Niza\u201d.<\/div>\n<div>\u00a0<\/div>\n<div>\u201cManifestamos entonces, de parte del Papa Francisco y nuestra, toda la participaci\u00f3n y solidaridad en los sufrimientos de las v\u00edctimas y de todo el pueblo franc\u00e9s, en aquel que deb\u00eda ser un gran d\u00eda de fiesta\u201d, prosigui\u00f3 el sacerdote jesuita.<\/div>\n<div>\u00a0<\/div>\n<div>\u201cCondenamos de la manera m\u00e1s absoluta toda manifestaci\u00f3n de locura homicida, de odio, de terrorismo, de ataque contra la paz\u201d, concluy\u00f3 el vocero del Vaticano.<\/div>\n<div>\u00a0<\/div>\n<div>Alrededor de las 11:20 p.m. (hora local) un cami\u00f3n arroll\u00f3 el paseo mar\u00edtimo a la altura de la plaza de Mass\u00e9na, donde a esa hora se reun\u00eda una gran cantidad de gente para ver los fuegos artificiales por el d\u00eda nacional de Francia que se celebra el 14 de julio.<\/div>\n<div>\u00a0<\/div>\n<div>Seg\u00fan una primera reconstrucci\u00f3n, el homicida que conduc\u00eda el cami\u00f3n disparaba sobre la gente mientras iba en zig zag para pasar por encima de las personas que estaban en el lugar.<\/div>\n<div>\u00a0<\/div>\n<div>Algunos testigos, se\u00f1ala Radio Vaticana, afirman que lo escucharon gritar \u201cAllah Akhbar\u201d (Al\u00e1 es grande), antes de ser asesinado.<\/div>\n<div>\u00a0<\/div>\n<div>El conductor fue finalmente abatido por la polic\u00eda. Las autoridades informan que dentro de la cabina del cami\u00f3n se encontr\u00f3 el documento de identidad de un hombre de 31 a\u00f1os de nacionalidad francesa y origen tunecino; y se investiga si correspond\u00eda al responsable del atentado.<\/div>\n<div>\u00a0<\/div>\n<div>Ninguna organizaci\u00f3n ha reivindicado a\u00fan el atentado terrorista.<\/div>\n<div>\u00a0<\/div>\n<div>La agencia AFP da cuenta de al menos 84 muertos como resultado de estos lamentables hechos.<\/div>\n<div>\u00a0<\/div>\n<div>Entre los muertos, informa CNN, hay varios ni\u00f1os, mientras que FoxNews indica que tambi\u00e9n hay dos ciudadanos estadounidenses.<\/div>\n<div>\u00a0<\/div>\n<div>Los testigos hablan de hasta 100 veh\u00edculos de emergencia que llegaron al lugar para atender a las v\u00edctimas que quedaron tendidas en una distancia de unos dos kil\u00f3metros por donde pas\u00f3 el cami\u00f3n.<\/div>\n<div>\u00a0<\/div>\n<div>En un mensaje dirigido al pueblo franc\u00e9s, el Presidente Fran\u00e7ois Hollande afirm\u00f3 que lo ocurrido en Niza ha sido claramente un atentado terrorista y que el estado de emergencia, que estaba por concluir, se extender\u00e1 durante tres meses m\u00e1s.<\/div>\n<div>\u00a0<\/div>\n<div>Distintos jefes de Estado como Barack Obama de Estados Unidos, Enrique Pe\u00f1a Nieto de M\u00e9xico; Juan Manuel Santos de Colombia y Mariano Rajoy de Espa\u00f1a, entre otros, han expresado su solidaridad con Francia y su firme condena ante estos lamentables hechos.<\/div>\n<div>\u00a0<\/div>\n<div>Fuente: aciprensa.com<\/div>\n<p><a href=\"http:\/\/web.hilo.org.pe\/wp-content\/uploads\/AtentadoenNiza.jpg\" target=\"_blank\" rel=\"noopener\">Ver archivo adjunto<\/a><\/p>\n","protected":false},"excerpt":{"rendered":"<p>El Director de la Sala de Prensa del Vaticano, P. Federico Lombardi, se?al? que el Papa Francisco expresa su solidaridad con el sufrimiento de las v?ctimas y toda Francia, adem?s de condenar toda ?locura homicida?, tras el atentado de Niza que hasta el momento ha cobrado la vida de unas 80 personas y que ha dejado a otras 100 heridas.<\/p>\n","protected":false},"author":1,"featured_media":7848,"comment_status":"closed","ping_status":"closed","sticky":false,"template":"","format":"standard","meta":{"footnotes":""},"categories":[9],"tags":[],"class_list":["post-2863","post","type-post","status-publish","format-standard","has-post-thumbnail","hentry","category-noticias"],"_links":{"self":[{"href":"https:\/\/ceas.org.pe\/index.php\/wp-json\/wp\/v2\/posts\/2863","targetHints":{"allow":["GET"]}}],"collection":[{"href":"https:\/\/ceas.org.pe\/index.php\/wp-json\/wp\/v2\/posts"}],"about":[{"href":"https:\/\/ceas.org.pe\/index.php\/wp-json\/wp\/v2\/types\/post"}],"author":[{"embeddable":true,"href":"https:\/\/ceas.org.pe\/index.php\/wp-json\/wp\/v2\/users\/1"}],"replies":[{"embeddable":true,"href":"https:\/\/ceas.org.pe\/index.php\/wp-json\/wp\/v2\/comments?post=2863"}],"version-history":[{"count":1,"href":"https:\/\/ceas.org.pe\/index.php\/wp-json\/wp\/v2\/posts\/2863\/revisions"}],"predecessor-version":[{"id":6355,"href":"https:\/\/ceas.org.pe\/index.php\/wp-json\/wp\/v2\/posts\/2863\/revisions\/6355"}],"wp:featuredmedia":[{"embeddable":true,"href":"https:\/\/ceas.org.pe\/index.php\/wp-json\/wp\/v2\/media\/7848"}],"wp:attachment":[{"href":"https:\/\/ceas.org.pe\/index.php\/wp-json\/wp\/v2\/media?parent=2863"}],"wp:term":[{"taxonomy":"category","embeddable":true,"href":"https:\/\/ceas.org.pe\/index.php\/wp-json\/wp\/v2\/categories?post=2863"},{"taxonomy":"post_tag","embeddable":true,"href":"https:\/\/ceas.org.pe\/index.php\/wp-json\/wp\/v2\/tags?post=2863"}],"curies":[{"name":"wp","href":"https:\/\/api.w.org\/{rel}","templated":true}]}}