{"id":2862,"date":"2016-07-14T16:08:06","date_gmt":"2016-07-14T16:08:06","guid":{"rendered":""},"modified":"2026-03-11T09:12:02","modified_gmt":"2026-03-11T14:12:02","slug":"mensaje-por-el-doa-de-la-persona-encarcelada-2016","status":"publish","type":"post","link":"https:\/\/ceas.org.pe\/index.php\/2016\/07\/14\/mensaje-por-el-doa-de-la-persona-encarcelada-2016\/","title":{"rendered":"Mensaje por el D\u00f3a de la Persona Encarcelada 2016"},"content":{"rendered":"<p>\u00a0<span style=\"text-align: center;\">Mensaje por el D\u00eda de la Persona Encarcelada<\/span><\/p>\n<p class=\"MsoNormal\" align=\"center\" style=\"text-align:center\">16 de julio<o:p><\/o:p><\/p>\n<p class=\"MsoNormal\" align=\"center\" style=\"text-align:center\">Para una sociedad libre y sin miedos<br \/>\nRESOCIALIZACI\u00d3N en las c\u00e1rceles del Per\u00fa<o:p><\/o:p><\/p>\n<p class=\"MsoNormal\" style=\"text-align:justify\">En la ciudadan\u00eda peruana, cada vez m\u00e1s, la inseguridad ciudadana est\u00e1 afectando nuestra calidad de vida. Ante este problema buscamos alternativas y soluciones: c\u00e1maras de seguridad en las casas y en las calles, pedimos la presencia de m\u00e1s polic\u00edas e incluso, por parte de algunos ciudadanos, la presencia del ej\u00e9rcito en las calles. Y lo que resulta m\u00e1s com\u00fan, es pedir m\u00e1s c\u00e1rcel y por m\u00e1s tiempo a quienes nos quitan la seguridad. Una vez que se mete a todas esas personas en las c\u00e1rceles parece que ya todo termina y que nos quedamos tranquilos.<o:p><\/o:p><\/p>\n<p class=\"MsoNormal\" style=\"text-align:justify\">Lo cierto es que el n\u00famero de personas encarceladas aumenta considerablemente -m\u00e1s de 79,000 personas en la actualidad- y la sensaci\u00f3n de inseguridad tambi\u00e9n aumenta. Es decir, lo que parece ser el remedio resulta no serlo. El Papa Francisco nos lo recuerda muy bien: \u201c\u2026 El problema de la seguridad no se agota solamente encarcelando, sino que es un llamado a intervenir afrontando las causas estructurales y culturales de la inseguridad, que afectan a todo el entramado social\u201d.<o:p><\/o:p><\/p>\n<p class=\"MsoNormal\" style=\"text-align:justify\">Sin embargo, lo que vemos en nuestra realidad social es un alarmante incremento de la indiferencia ante la realidad de las personas encarceladas, donde parece no importar lo que pase con ellas, ni el para qu\u00e9 del encarcelamiento. Parece que tampoco interesa el por qu\u00e9 estas personas han actuado de esa manera, el por qu\u00e9 cometieron el delito. Tambi\u00e9n es muy cierto que a todas las personas privadas de libertad las vemos, juzgamos y medimos por igual y nunca -o casi nunca- nos preguntamos si todas ellas, antes de ser encarceladas, tuvieron garantizados sus derechos, si su dignidad fue siempre respetada, como hijas e hijos de Dios que son y ciudadanas y ciudadanos que forman parte de la sociedad. Conviene que nos preguntemos: \u00bfpara qu\u00e9 se las encarcela?, \u00bfse est\u00e1 cumpliendo el objetivo del encarcelamiento?<o:p><\/o:p><\/p>\n<p class=\"MsoNormal\" style=\"text-align:justify\">Como Iglesia que acompa\u00f1a las distintas realidades humanas, afirmamos:<o:p><\/o:p><\/p>\n<p class=\"MsoListParagraphCxSpFirst\" style=\"text-align:justify;text-indent:-18.0pt;\nmso-list:l2 level1 lfo1\"><!--[if !supportLists]--><span style=\"font-family:Symbol;\nmso-fareast-font-family:Symbol;mso-bidi-font-family:Symbol\">\u00b7<span style=\"font-stretch: normal; font-size: 7pt; font-family: \"Times New Roman\";\">\u00a0\u00a0\u00a0\u00a0\u00a0\u00a0\u00a0\u00a0 <\/span><\/span><!--[endif]-->A la c\u00e1rcel s\u00f3lo deber\u00edan ir quienes son un verdadero peligro para la sociedad.<o:p><\/o:p><\/p>\n<p class=\"MsoListParagraphCxSpMiddle\" style=\"text-align:justify;text-indent:-18.0pt;\nmso-list:l2 level1 lfo1\"><!--[if !supportLists]--><span style=\"font-family:Symbol;\nmso-fareast-font-family:Symbol;mso-bidi-font-family:Symbol\">\u00b7<span style=\"font-stretch: normal; font-size: 7pt; font-family: \"Times New Roman\";\">\u00a0\u00a0\u00a0\u00a0\u00a0\u00a0\u00a0\u00a0 <\/span><\/span><!--[endif]-->En el encarcelamiento deber\u00eda ser posible el cambio positivo de las personas privadas de libertad. Es lo que llamamos RESOCIALIZACI\u00d3N.<o:p><\/o:p><\/p>\n<p class=\"MsoListParagraphCxSpLast\" style=\"text-align:justify;text-indent:-18.0pt;\nmso-list:l2 level1 lfo1\"><!--[if !supportLists]--><span style=\"font-family:Symbol;\nmso-fareast-font-family:Symbol;mso-bidi-font-family:Symbol\">\u00b7<span style=\"font-stretch: normal; font-size: 7pt; font-family: \"Times New Roman\";\">\u00a0\u00a0\u00a0\u00a0\u00a0\u00a0\u00a0\u00a0 <\/span><\/span><!--[endif]-->Es una gran verdad que el sistema carcelario actual no es resocializador.<o:p><\/o:p><\/p>\n<p class=\"MsoNormal\" style=\"text-align:justify\">Como Iglesia que se hace eco de los gozos y esperanzas de los que m\u00e1s sufren, pedimos:<o:p><\/o:p><\/p>\n<p class=\"MsoListParagraphCxSpFirst\" style=\"text-align:justify;text-indent:-18.0pt;\nmso-list:l0 level1 lfo2\"><!--[if !supportLists]--><span style=\"font-family:Symbol;\nmso-fareast-font-family:Symbol;mso-bidi-font-family:Symbol\">\u00b7<span style=\"font-stretch: normal; font-size: 7pt; font-family: \"Times New Roman\";\">\u00a0\u00a0\u00a0\u00a0\u00a0\u00a0\u00a0\u00a0 <\/span><\/span><!--[endif]-->Que el tiempo de encarcelamiento sea un tiempo para la resocializaci\u00f3n.<o:p><\/o:p><\/p>\n<p class=\"MsoListParagraphCxSpLast\" style=\"text-align:justify;text-indent:-18.0pt;\nmso-list:l0 level1 lfo2\"><!--[if !supportLists]--><span style=\"font-family:Symbol;\nmso-fareast-font-family:Symbol;mso-bidi-font-family:Symbol\">\u00b7<span style=\"font-stretch: normal; font-size: 7pt; font-family: \"Times New Roman\";\">\u00a0\u00a0\u00a0\u00a0\u00a0\u00a0\u00a0\u00a0 <\/span><\/span><!--[endif]-->Que el Estado y la sociedad peruana asumamos nuestra responsabilidad en esta tarea.<o:p><\/o:p><\/p>\n<p class=\"MsoNormal\" style=\"text-align:justify\">Como Iglesia que aguarda con esperanza un cielo nuevo y una tierra nueva, creemos que todo esto ser\u00e1 posible:<o:p><\/o:p><\/p>\n<p class=\"MsoListParagraphCxSpFirst\" style=\"text-align:justify;text-indent:-18.0pt;\nmso-list:l1 level1 lfo3\"><!--[if !supportLists]--><span style=\"font-family:Symbol;\nmso-fareast-font-family:Symbol;mso-bidi-font-family:Symbol\">\u00b7<span style=\"font-stretch: normal; font-size: 7pt; font-family: \"Times New Roman\";\">\u00a0\u00a0\u00a0\u00a0\u00a0\u00a0\u00a0\u00a0 <\/span><\/span><!--[endif]-->Cuando la ciudadan\u00eda en general seamos una ciudadan\u00eda que ha superado la exclusi\u00f3n y la marginaci\u00f3n y busca la igualdad, las mismas posibilidades, para todas las personas.<o:p><\/o:p><\/p>\n<p class=\"MsoListParagraphCxSpLast\" style=\"text-align:justify;text-indent:-18.0pt;\nmso-list:l1 level1 lfo3\"><!--[if !supportLists]--><span style=\"font-family:Symbol;\nmso-fareast-font-family:Symbol;mso-bidi-font-family:Symbol\">\u00b7<span style=\"font-stretch: normal; font-size: 7pt; font-family: \"Times New Roman\";\">\u00a0\u00a0\u00a0\u00a0\u00a0\u00a0\u00a0\u00a0 <\/span><\/span><!--[endif]-->Cuando tomemos conciencia y asumamos el reto de que la verdadera rehabilitaci\u00f3n de las personas encarceladas se va a transformar en seguridad para todo el pa\u00eds.<o:p><\/o:p><\/p>\n<p class=\"MsoNormal\" style=\"text-align:justify\">Porque, al final, la soluci\u00f3n frente al problema social de las personas privadas de libertad, no pasa por alentar un deseo de querer tener buenos presos, sino buenos hombres y mujeres libres. <o:p><\/o:p><\/p>\n<p class=\"MsoNormal\" style=\"text-align:justify\">Finalmente, junto al Papa Francisco, en este a\u00f1o Santo de la Misericordia, afirmamos que la reinserci\u00f3n no comienza entre las paredes y rejas de una c\u00e1rcel, sino que comienza antes, comienza afuera, en las calles de la sociedad.<o:p><\/o:p><\/p>\n<p class=\"MsoNormal\" style=\"text-align:justify\">Por tanto, nuestro llamado se dirige a la sociedad en su conjunto y a cada hombre y mujer en particular, para que todos seamos parte y responsables de esta gran tarea para la construcci\u00f3n de una sociedad libre y sin miedos. Trabajemos todos juntos por un Per\u00fa justo, seguro y fraterno.<o:p><\/o:p><\/p>\n<p class=\"MsoNormal\" style=\"text-align:justify\">Lima, 16 de julio de 2016<o:p><\/o:p><\/p>\n<p class=\"MsoNormal\" style=\"text-align:justify\"><o:p>\u00a0<\/o:p><\/p>\n<p class=\"MsoNormal\">Mons. Jorge Izaguirre Rafael, CSC<br \/>\nObispo de Chuquibamba<br \/>\nAsesor Nacional de la Pastoral de C\u00e1rceles<o:p><\/o:p><\/p>\n<p class=\"MsoNormal\">Mons. H\u00e9ctor Vera Colona<br \/>\nObispo de Ica<br \/>\nPresidente de CEAS<o:p><\/o:p><\/p>\n<p><a href=\"http:\/\/web.hilo.org.pe\/wp-content\/uploads\/BANNER WEB.jpg\" target=\"_blank\" rel=\"noopener\">Ver archivo adjunto<\/a><\/p>\n","protected":false},"excerpt":{"rendered":"<p>Mensaje por el D?a de la Persona Encarcelada<br \/>\n16 de julio<br \/>\nPara una sociedad libre y sin miedos<br \/>\nRESOCIALIZACI?N en las c?rceles del Per?<br \/>\nEn la ciudadan?a peruana, cada vez m?s, la inseguridad ciudadana est? afectando nuestra calidad de vida. Ante este problema buscamos alternativas y soluciones: c?maras de seguridad en las casas y en las calles, pedimos la presencia de m?s polic?as e incluso, por parte de algunos ciudadanos, la presencia del ej?rcito en las calles. Y lo que resulta m?s com?n, es pedir m?s c?rcel y por m?s tiempo a quienes nos quitan la seguridad. Una vez que se mete a todas esas personas en las c?rceles parece que ya todo termina y que nos quedamos tranquilos.<\/p>\n","protected":false},"author":1,"featured_media":7973,"comment_status":"closed","ping_status":"closed","sticky":false,"template":"","format":"standard","meta":{"footnotes":""},"categories":[9],"tags":[],"class_list":["post-2862","post","type-post","status-publish","format-standard","has-post-thumbnail","hentry","category-noticias"],"_links":{"self":[{"href":"https:\/\/ceas.org.pe\/index.php\/wp-json\/wp\/v2\/posts\/2862","targetHints":{"allow":["GET"]}}],"collection":[{"href":"https:\/\/ceas.org.pe\/index.php\/wp-json\/wp\/v2\/posts"}],"about":[{"href":"https:\/\/ceas.org.pe\/index.php\/wp-json\/wp\/v2\/types\/post"}],"author":[{"embeddable":true,"href":"https:\/\/ceas.org.pe\/index.php\/wp-json\/wp\/v2\/users\/1"}],"replies":[{"embeddable":true,"href":"https:\/\/ceas.org.pe\/index.php\/wp-json\/wp\/v2\/comments?post=2862"}],"version-history":[{"count":1,"href":"https:\/\/ceas.org.pe\/index.php\/wp-json\/wp\/v2\/posts\/2862\/revisions"}],"predecessor-version":[{"id":6356,"href":"https:\/\/ceas.org.pe\/index.php\/wp-json\/wp\/v2\/posts\/2862\/revisions\/6356"}],"wp:featuredmedia":[{"embeddable":true,"href":"https:\/\/ceas.org.pe\/index.php\/wp-json\/wp\/v2\/media\/7973"}],"wp:attachment":[{"href":"https:\/\/ceas.org.pe\/index.php\/wp-json\/wp\/v2\/media?parent=2862"}],"wp:term":[{"taxonomy":"category","embeddable":true,"href":"https:\/\/ceas.org.pe\/index.php\/wp-json\/wp\/v2\/categories?post=2862"},{"taxonomy":"post_tag","embeddable":true,"href":"https:\/\/ceas.org.pe\/index.php\/wp-json\/wp\/v2\/tags?post=2862"}],"curies":[{"name":"wp","href":"https:\/\/api.w.org\/{rel}","templated":true}]}}