{"id":2861,"date":"2016-07-13T14:06:21","date_gmt":"2016-07-13T14:06:21","guid":{"rendered":""},"modified":"2026-03-11T09:12:02","modified_gmt":"2026-03-11T14:12:02","slug":"francisco-visito-por-sorpresa-a-pontificia-comision-para-amorica-latina","status":"publish","type":"post","link":"https:\/\/ceas.org.pe\/index.php\/2016\/07\/13\/francisco-visito-por-sorpresa-a-pontificia-comision-para-amorica-latina\/","title":{"rendered":"Francisco visit\u00f3 por sorpresa a Pontificia Comisi\u00f3n para Am\u00f3rica Latina"},"content":{"rendered":"<p>El d\u00eda de hoy, mi\u00e9rcoles 13 de julio, una sorpresa \u201cincre\u00edble\u201d del Papa Francisco interrumpi\u00f3 felizmente una ma\u00f1ana com\u00fan de trabajo para los que formamos parte de esta Pontificia Comisi\u00f3n para Am\u00e9rica Latina. El Santo Padre, demostrando una vez m\u00e1s su car\u00e1cter movido por gran libertad y espontaneidad, decidi\u00f3 \u201cdarse un salto\u201d \u2013como se dice en Am\u00e9rica Latina\u2013 por la Comisi\u00f3n, cuya oficina est\u00e1 a unos 300 metros del Palacio Apost\u00f3lico, en V\u00eda della Conciliazione n. 1, 4to piso. A las 9.10 exactamente, llamaron a la puerta y acudi\u00f3 a ella una de las oficiales de la oficina, mientras los dem\u00e1s est\u00e1bamos sosteniendo tranquilamente una reuni\u00f3n de coordinaci\u00f3n relativa a nuestro pr\u00f3xima celebraci\u00f3n del Jubileo Continental de la Misericordia en Bogot\u00e1.<\/p>\n<div>\u00a0<\/div>\n<div>Dicha persona se qued\u00f3 pasmada cuando abri\u00f3 y se encontr\u00f3 delante nada menos que al Vicario de Cristo en la tierra quien, en cambio, parec\u00eda realizar una acci\u00f3n completamente natural y rutinaria: \u2013\u201c\u00a1Buenos d\u00edas! \u00bfPuedo pasar?\u201d \u2013\u201c\u00a1Santo Padre! \u00a1Qu\u00e9 increible sorpresa!\u201d Acto seguido, una se\u00f1ora del personal que pasaba detr\u00e1s corri\u00f3 a toda prisa hasta la oficina del Secretario Encargado de la Vicepresidencia, donde est\u00e1bamos todos, y se detuvo agitada en la puerta: \u201c\u00a1El Santo Padre! \u00a1R\u00e1pido, el Santo Padre!\u201d La reacci\u00f3n demor\u00f3 unos segundos, mientras trat\u00e1bamos de comprender de qu\u00e9 se trataba, \u00bfestar\u00e1 al tel\u00e9fono? \u00bfle habr\u00e1 pasado algo? Pero incre\u00edblemente comenzamos a escuchar su voz mientras se acercaba por el pasillo. Nos pusimos de pi\u00e9 y el prof. Carriquiry se abri\u00f3 paso inmediatamente para darle el encuentro casi en la puerta de su despacho. \u201cBuenos d\u00edas, \u00bften\u00e9s tiempo para conversar un poquito?\u201d, pregunt\u00f3 con toda seriedad.<\/div>\n<div>\u00a0<\/div>\n<div>Los dejamos solos mientras esper\u00e1bamos afuera, notablemente sorprendidos y emocionados por el momento tan especial que est\u00e1bamos viviendo. Ciertamente no es la primera vez que saludamos en persona al Santo Padre \u2013la mayor\u00eda de trabajadores que llevan algunos a\u00f1os en una oficina vaticana han tenido m\u00e1s de una oportunidad para estrecharle la mano al Papa e intercambiar unas breves palabras\u2013; pero recibirlo en la oficina en un d\u00eda cualquiera y de manera completamente inesperada es algo poco usual, que deja la sensaci\u00f3n de tenerlo cerca, muy cerca, y da la oportunidad de compartir con \u00e9l un momento no protocolar, sino aut\u00e9nticamente familiar.<\/div>\n<div>\u00a0<\/div>\n<div>Mientras aguard\u00e1bamos impacientes, el miembro de la Seguridad Vaticana que acompa\u00f1aba al Papa, y que \u201clo trajo en su auto\u201d\u2013 al ser interrogado por nosotros sobre la incre\u00edble situaci\u00f3n, coment\u00f3 que se encontraba con Francisco en una visita al dentista del FAS (Fondo de Asistencia Sanitaria) \u2013el centro m\u00e9dico al interior del Vaticano\u2013, y que casi por terminar, el Santo Padre se\u00f1al\u00f3 que ten\u00eda la idea de \u201cpasar por la CAL\u201d antes de regresar a Santa Marta. No obstante le se\u00f1al\u00f3 al Papa que la cosa resultaba \u201cmuy complicada\u201d, a lo que Francisco respondi\u00f3 tranquilamente: \u201cSoy el Papa; no te preocup\u00e9s, que estamos en las manos de Dios\u201d, y se pusieron en marcha. A su salida de \u201cPorta Sant\u2019Ana\u201d los guardias suizos saludaron solemnes y medio at\u00f3nitos al Santo Padre mientras se alejaba impert\u00e9rrito en el asiento delantero del veh\u00edculo. El acompa\u00f1ante del Papa agreg\u00f3 luego sonriente que se trataba de \u201cla primera travesura de este tipo\u201d, realizada por el Papa Francisco.<\/div>\n<div>\u00a0<\/div>\n<div>Despu\u00e9s del di\u00e1logo en privado con el Secretario Encargado de la Vicepresidencia, el Papa sali\u00f3 y acept\u00f3 gustoso la invitaci\u00f3n a \u201centretenerse\u201d un rato m\u00e1s compartiendo un caf\u00e9 con nosotros \u2013como se puede apreciar en la foto. En el breve di\u00e1logo \u2013aunque grato y ameno\u2013, Francisco saludo a cada uno personalmente y demostr\u00f3 una memoria impresionante, porque nos ten\u00eda presentes a todos y en algunos casos con detalles sorprendentes. Coment\u00f3 tambi\u00e9n de sus tiempos de Cardenal, cuando era Miembro de la Comisi\u00f3n en las Reuniones Plenarias, y nosotros le recordamos aquellas tardes de oficina, en las que se ofreci\u00f3 m\u00e1s de una vez a quedarse trabajando con nosotros para completar el \u201cdocumento conclusivo\u201d. Pero lleg\u00f3 el momento de la despedida, aunque no lo dejamos ir sin tomarse unas fotos con nosotros. Nos dio su bendici\u00f3n y le aseguramos nuestras oraciones mientras lo acompa\u00f1\u00e1bamos hacia la puerta.<\/div>\n<div>\u00a0<\/div>\n<div>Al final nos pareci\u00f3 una visita largu\u00edsima; es m\u00e1s, nos parece que el Papa todav\u00eda est\u00e1 por aqu\u00ed.<\/div>\n<div>\u00a0<\/div>\n<div>P. D.: Esta visita del Papa a la CAL, por haber sido totalmente espont\u00e1nea y \u201ccasual\u201d, no deber\u00eda contarse entre las visitas protocolares que el Santo Padre realiza a los Dicasterios y diversos Organismos de la Curia Romana. Por lo tanto, todav\u00eda estamos a la espera de una visita \u201coficial\u201d de Francisco a la Comisi\u00f3n. \u00a1Somos bastante ambiciosos y pedig\u00fce\u00f1os!<\/div>\n<div>\u00a0<\/div>\n<div>Fuente: americalatina.va<\/div>\n<p><a href=\"http:\/\/web.hilo.org.pe\/wp-content\/uploads\/Francisco a la CAL.jpg\" target=\"_blank\" rel=\"noopener\">Ver archivo adjunto<\/a><\/p>\n","protected":false},"excerpt":{"rendered":"<p>El d?a de hoy, mi?rcoles 13 de julio, una sorpresa ?incre?ble? del Papa Francisco interrumpi? felizmente una ma?ana com?n de trabajo para los que formamos parte de esta Pontificia Comisi?n para Am?rica Latina.<\/p>\n","protected":false},"author":1,"featured_media":7855,"comment_status":"closed","ping_status":"closed","sticky":false,"template":"","format":"standard","meta":{"footnotes":""},"categories":[9],"tags":[],"class_list":["post-2861","post","type-post","status-publish","format-standard","has-post-thumbnail","hentry","category-noticias"],"_links":{"self":[{"href":"https:\/\/ceas.org.pe\/index.php\/wp-json\/wp\/v2\/posts\/2861","targetHints":{"allow":["GET"]}}],"collection":[{"href":"https:\/\/ceas.org.pe\/index.php\/wp-json\/wp\/v2\/posts"}],"about":[{"href":"https:\/\/ceas.org.pe\/index.php\/wp-json\/wp\/v2\/types\/post"}],"author":[{"embeddable":true,"href":"https:\/\/ceas.org.pe\/index.php\/wp-json\/wp\/v2\/users\/1"}],"replies":[{"embeddable":true,"href":"https:\/\/ceas.org.pe\/index.php\/wp-json\/wp\/v2\/comments?post=2861"}],"version-history":[{"count":1,"href":"https:\/\/ceas.org.pe\/index.php\/wp-json\/wp\/v2\/posts\/2861\/revisions"}],"predecessor-version":[{"id":6357,"href":"https:\/\/ceas.org.pe\/index.php\/wp-json\/wp\/v2\/posts\/2861\/revisions\/6357"}],"wp:featuredmedia":[{"embeddable":true,"href":"https:\/\/ceas.org.pe\/index.php\/wp-json\/wp\/v2\/media\/7855"}],"wp:attachment":[{"href":"https:\/\/ceas.org.pe\/index.php\/wp-json\/wp\/v2\/media?parent=2861"}],"wp:term":[{"taxonomy":"category","embeddable":true,"href":"https:\/\/ceas.org.pe\/index.php\/wp-json\/wp\/v2\/categories?post=2861"},{"taxonomy":"post_tag","embeddable":true,"href":"https:\/\/ceas.org.pe\/index.php\/wp-json\/wp\/v2\/tags?post=2861"}],"curies":[{"name":"wp","href":"https:\/\/api.w.org\/{rel}","templated":true}]}}