{"id":2859,"date":"2016-07-13T13:55:18","date_gmt":"2016-07-13T13:55:18","guid":{"rendered":""},"modified":"2026-03-11T09:12:02","modified_gmt":"2026-03-11T14:12:02","slug":"ceas-presente-en-curso-oobras-de-misericordia-y-pastoral-sociocaritativao-en-arequipa","status":"publish","type":"post","link":"https:\/\/ceas.org.pe\/index.php\/2016\/07\/13\/ceas-presente-en-curso-oobras-de-misericordia-y-pastoral-sociocaritativao-en-arequipa\/","title":{"rendered":"CEAS presente en curso \u00f3Obras de Misericordia y Pastoral Sociocaritativa\u00f3 en Arequipa"},"content":{"rendered":"<div>En el marco de las actividades programadas por el Jubileo Extraordinario de la Misericordia en la Arquidi\u00f3cesis, el Arzobispado de Arequipa se inici\u00f3 el curso \u201cObras de Misericordia y Pastoral Sociocaritativa\u201d-.<\/div>\n<div>\u00a0<\/div>\n<div>Las ponencias iniciaron con Mons. Javier Del R\u00edo Alba, Arzobispo de Arequipa, quien habl\u00f3 sobre las obras de misericordia. Luego, \u00a0Humberto Ortiz Roca, secretario de la Comisi\u00f3n Episcopal de Acci\u00f3n Social \u2013 CEAS, quien hizo referencia a la naturaleza y fines de la pastoral sociocaritativa.\u00a0<\/div>\n<div>\u00a0<\/div>\n<div>\u00a0Otros temas que se abordar\u00e1n son las dimensiones de la pastoral sociocaritativa y la pastoral de salud a cargo de la Hna. Sandra Flores Rivera, CMST, coordinadora del Departamento de Pastoral de Salud \u2013 DEPASA\/CEAS.<\/div>\n<div><img decoding=\"async\" src=\"http:\/\/www.ceas.org.pe\/noticias\/Cursoobras2.jpg\" alt=\"\" \/><\/div>\n<div>\u00a0<\/div>\n<div>Cabe destacar, que este curso permitir\u00e1 iniciar el proceso de creaci\u00f3n de la Pastoral Sociocaritativa Org\u00e1nica en la Arquidi\u00f3cesis. El ingreso es libre, se realizan en el auditorio de la parroquia San Juan Bautista en Yanahuara y culminan ma\u00f1ana jueves 14.<\/div>\n<p><a href=\"http:\/\/web.hilo.org.pe\/wp-content\/uploads\/Cursoobras.jpg\" target=\"_blank\" rel=\"noopener\">Ver archivo adjunto<\/a><\/p>\n","protected":false},"excerpt":{"rendered":"<p>\u00a0En el marco de las actividades programadas por el Jubileo Extraordinario de la Misericordia en la Arquidi\u00f3cesis, el Arzobispado de Arequipa se inici\u00f3 el curso \u201cObras de Misericordia y Pastoral Sociocaritativa\u201d-.<\/p>\n","protected":false},"author":1,"featured_media":7972,"comment_status":"closed","ping_status":"closed","sticky":false,"template":"","format":"standard","meta":{"footnotes":""},"categories":[9],"tags":[],"class_list":["post-2859","post","type-post","status-publish","format-standard","has-post-thumbnail","hentry","category-noticias"],"_links":{"self":[{"href":"https:\/\/ceas.org.pe\/index.php\/wp-json\/wp\/v2\/posts\/2859","targetHints":{"allow":["GET"]}}],"collection":[{"href":"https:\/\/ceas.org.pe\/index.php\/wp-json\/wp\/v2\/posts"}],"about":[{"href":"https:\/\/ceas.org.pe\/index.php\/wp-json\/wp\/v2\/types\/post"}],"author":[{"embeddable":true,"href":"https:\/\/ceas.org.pe\/index.php\/wp-json\/wp\/v2\/users\/1"}],"replies":[{"embeddable":true,"href":"https:\/\/ceas.org.pe\/index.php\/wp-json\/wp\/v2\/comments?post=2859"}],"version-history":[{"count":1,"href":"https:\/\/ceas.org.pe\/index.php\/wp-json\/wp\/v2\/posts\/2859\/revisions"}],"predecessor-version":[{"id":6358,"href":"https:\/\/ceas.org.pe\/index.php\/wp-json\/wp\/v2\/posts\/2859\/revisions\/6358"}],"wp:featuredmedia":[{"embeddable":true,"href":"https:\/\/ceas.org.pe\/index.php\/wp-json\/wp\/v2\/media\/7972"}],"wp:attachment":[{"href":"https:\/\/ceas.org.pe\/index.php\/wp-json\/wp\/v2\/media?parent=2859"}],"wp:term":[{"taxonomy":"category","embeddable":true,"href":"https:\/\/ceas.org.pe\/index.php\/wp-json\/wp\/v2\/categories?post=2859"},{"taxonomy":"post_tag","embeddable":true,"href":"https:\/\/ceas.org.pe\/index.php\/wp-json\/wp\/v2\/tags?post=2859"}],"curies":[{"name":"wp","href":"https:\/\/api.w.org\/{rel}","templated":true}]}}