{"id":2855,"date":"2016-07-11T13:59:32","date_gmt":"2016-07-11T13:59:32","guid":{"rendered":""},"modified":"2026-03-11T09:12:02","modified_gmt":"2026-03-11T14:12:02","slug":"personas-con-discapacidad-es-el-tema-de-la-campaoa-compartir-2016","status":"publish","type":"post","link":"https:\/\/ceas.org.pe\/index.php\/2016\/07\/11\/personas-con-discapacidad-es-el-tema-de-la-campaoa-compartir-2016\/","title":{"rendered":"Personas con discapacidad es el tema de la Campa\u00f3a Compartir 2016"},"content":{"rendered":"<div>Con la presencia de Monse\u00f1or Salvador Pi\u00f1eiro Garc\u00eda Calder\u00f3n, Arzobispo de Ayacucho y Presidente de la Conferencia Episcopal Peruana, se realiz\u00f3 el lanzamiento oficial a nivel nacional de la Campa\u00f1a de Solidaridad \u201cCompartir 2016\u201d, que en esta oportunidad dirige su mirada a las personas con discapacidad.<\/div>\n<div>\u00a0<\/div>\n<div>El lanzamiento se realiz\u00f3 a inicios de semana con una conferencia de prensa, donde se dio a conocer los detalles de la campa\u00f1a de este a\u00f1o, cuyo tema es: \u201cAcoger y promover a las personas con discapacidad: Un acto de justicia y misericordia\u201d.<\/div>\n<div>\u00a0<\/div>\n<div>En su intervenci\u00f3n, Monse\u00f1or Salvador Pi\u00f1eiro destac\u00f3 el trabajo que realiza la Iglesia Cat\u00f3lica a favor de los m\u00e1s necesitados. Luego, el Dr. Roberto Tarazona, de C\u00e1ritas del Per\u00fa present\u00f3 estad\u00edsticas de las personas con discapacidad en el Per\u00fa. Asimismo, una representes de la CONADIS y de la Defensor\u00eda del Pueblo, dieron su opini\u00f3n sobre el tema y destacaron el apoyo de la Iglesia en temas de ayuda social. Tambi\u00e9n se presentar\u00e1 el afiche y el spot de TV que promover\u00e1 las colectas p\u00fablica y parroquial de la campa\u00f1a, que se realizar\u00e1n en el mes de agosto.\u00a0<\/div>\n<div>\u00a0<\/div>\n<div>El objetivo es dar a conocer los detalles y acciones, para luego sensibilizar a la poblaci\u00f3n sobre esta problem\u00e1tica tan presente en nuestra sociedad.<\/div>\n<div>\u00a0<\/div>\n<div>La Campa\u00f1a de Solidaridad Compartir es una acci\u00f3n solidaria de la Conferencia Episcopal Peruana, que desde 1990 trabaja un tema diferente cada a\u00f1o, a favor de las poblaciones m\u00e1s necesitadas del pa\u00eds. (Fuente: CEP)<\/div>\n<p><a href=\"http:\/\/web.hilo.org.pe\/wp-content\/uploads\/compartir.jpg\" target=\"_blank\" rel=\"noopener\">Ver archivo adjunto<\/a><\/p>\n","protected":false},"excerpt":{"rendered":"<p>Con la presencia de Monse?or Salvador Pi?eiro Garc?a Calder?n, Arzobispo de Ayacucho y Presidente de la Conferencia Episcopal Peruana, se realiz? el lanzamiento oficial a nivel nacional de la Campa?a de Solidaridad ?Compartir 2016?, que en esta oportunidad dirige su mirada a las personas con discapacidad.<\/p>\n","protected":false},"author":1,"featured_media":7905,"comment_status":"closed","ping_status":"closed","sticky":false,"template":"","format":"standard","meta":{"footnotes":""},"categories":[9],"tags":[],"class_list":["post-2855","post","type-post","status-publish","format-standard","has-post-thumbnail","hentry","category-noticias"],"_links":{"self":[{"href":"https:\/\/ceas.org.pe\/index.php\/wp-json\/wp\/v2\/posts\/2855","targetHints":{"allow":["GET"]}}],"collection":[{"href":"https:\/\/ceas.org.pe\/index.php\/wp-json\/wp\/v2\/posts"}],"about":[{"href":"https:\/\/ceas.org.pe\/index.php\/wp-json\/wp\/v2\/types\/post"}],"author":[{"embeddable":true,"href":"https:\/\/ceas.org.pe\/index.php\/wp-json\/wp\/v2\/users\/1"}],"replies":[{"embeddable":true,"href":"https:\/\/ceas.org.pe\/index.php\/wp-json\/wp\/v2\/comments?post=2855"}],"version-history":[{"count":1,"href":"https:\/\/ceas.org.pe\/index.php\/wp-json\/wp\/v2\/posts\/2855\/revisions"}],"predecessor-version":[{"id":6363,"href":"https:\/\/ceas.org.pe\/index.php\/wp-json\/wp\/v2\/posts\/2855\/revisions\/6363"}],"wp:featuredmedia":[{"embeddable":true,"href":"https:\/\/ceas.org.pe\/index.php\/wp-json\/wp\/v2\/media\/7905"}],"wp:attachment":[{"href":"https:\/\/ceas.org.pe\/index.php\/wp-json\/wp\/v2\/media?parent=2855"}],"wp:term":[{"taxonomy":"category","embeddable":true,"href":"https:\/\/ceas.org.pe\/index.php\/wp-json\/wp\/v2\/categories?post=2855"},{"taxonomy":"post_tag","embeddable":true,"href":"https:\/\/ceas.org.pe\/index.php\/wp-json\/wp\/v2\/tags?post=2855"}],"curies":[{"name":"wp","href":"https:\/\/api.w.org\/{rel}","templated":true}]}}