{"id":2854,"date":"2016-07-11T13:48:47","date_gmt":"2016-07-11T13:48:47","guid":{"rendered":""},"modified":"2026-03-11T09:12:02","modified_gmt":"2026-03-11T14:12:02","slug":"obispos-del-pero-recibieron-visita-del-presidente-electo","status":"publish","type":"post","link":"https:\/\/ceas.org.pe\/index.php\/2016\/07\/11\/obispos-del-pero-recibieron-visita-del-presidente-electo\/","title":{"rendered":"Obispos del Per\u00f3 recibieron visita del Presidente electo"},"content":{"rendered":"<p>En el marco de la 108\u00aa Asamblea del Episcopado Peruano, los Obispos del Per\u00fa recibieron esta ma\u00f1ana la visita del Presidente electo del Per\u00fa, Sr. Pedro Pablo Kuczynski.\u00a0<\/p>\n<div>\u00a0<\/div>\n<div>La reuni\u00f3n se realiz\u00f3 en el auditorio de la Conferencia Episcopal Peruana (CEP), en Jes\u00fas Mar\u00eda. A su llegada al Episcopado Peruano, el Presidente electo fue recibido por Monse\u00f1or Salvador Pi\u00f1eiro Garc\u00eda Calder\u00f3n, Presidente de la Conferencia Episcopal Peruana. Luego del saludo correspondiente se dirigi\u00f3 al auditorio para saludar y dialogar con los Obispos.<\/div>\n<div>\u00a0<\/div>\n<div>Al final de la cita, el Presidente electo y los Obispos del Per\u00fa compartieron una amena charla en los jardines del Episcopado Peruano.<\/div>\n<div>\u00a0<\/div>\n<div>Como se recuerda, en junio, luego de la segunda vuelta electoral, los Obispos de la Presidencia de la CEP realizaron una visita a la casa del presidente electo, donde sostuvieron una reuni\u00f3n cordial, y abordaron diversos temas relacionados a la educaci\u00f3n, salud y desarrollo del pa\u00eds. (Fuente: CEP)<\/div>\n<p><a href=\"http:\/\/web.hilo.org.pe\/wp-content\/uploads\/visita-obispos-kuckzinsky.jpg\" target=\"_blank\" rel=\"noopener\">Ver archivo adjunto<\/a><\/p>\n","protected":false},"excerpt":{"rendered":"<p>En el marco de la 108? Asamblea del Episcopado Peruano, los Obispos del Per? recibieron esta ma?ana la visita del Presidente electo del Per?, Sr. Pedro Pablo Kuczynski.<\/p>\n","protected":false},"author":1,"featured_media":7854,"comment_status":"closed","ping_status":"closed","sticky":false,"template":"","format":"standard","meta":{"footnotes":""},"categories":[9],"tags":[],"class_list":["post-2854","post","type-post","status-publish","format-standard","has-post-thumbnail","hentry","category-noticias"],"_links":{"self":[{"href":"https:\/\/ceas.org.pe\/index.php\/wp-json\/wp\/v2\/posts\/2854","targetHints":{"allow":["GET"]}}],"collection":[{"href":"https:\/\/ceas.org.pe\/index.php\/wp-json\/wp\/v2\/posts"}],"about":[{"href":"https:\/\/ceas.org.pe\/index.php\/wp-json\/wp\/v2\/types\/post"}],"author":[{"embeddable":true,"href":"https:\/\/ceas.org.pe\/index.php\/wp-json\/wp\/v2\/users\/1"}],"replies":[{"embeddable":true,"href":"https:\/\/ceas.org.pe\/index.php\/wp-json\/wp\/v2\/comments?post=2854"}],"version-history":[{"count":1,"href":"https:\/\/ceas.org.pe\/index.php\/wp-json\/wp\/v2\/posts\/2854\/revisions"}],"predecessor-version":[{"id":6364,"href":"https:\/\/ceas.org.pe\/index.php\/wp-json\/wp\/v2\/posts\/2854\/revisions\/6364"}],"wp:featuredmedia":[{"embeddable":true,"href":"https:\/\/ceas.org.pe\/index.php\/wp-json\/wp\/v2\/media\/7854"}],"wp:attachment":[{"href":"https:\/\/ceas.org.pe\/index.php\/wp-json\/wp\/v2\/media?parent=2854"}],"wp:term":[{"taxonomy":"category","embeddable":true,"href":"https:\/\/ceas.org.pe\/index.php\/wp-json\/wp\/v2\/categories?post=2854"},{"taxonomy":"post_tag","embeddable":true,"href":"https:\/\/ceas.org.pe\/index.php\/wp-json\/wp\/v2\/tags?post=2854"}],"curies":[{"name":"wp","href":"https:\/\/api.w.org\/{rel}","templated":true}]}}