{"id":2853,"date":"2016-07-08T13:00:00","date_gmt":"2016-07-08T13:00:00","guid":{"rendered":""},"modified":"2026-03-11T09:12:02","modified_gmt":"2026-03-11T14:12:02","slug":"arquidiocesis-del-cusco-realizan-asambleas-para-la-renovacion-pastoral","status":"publish","type":"post","link":"https:\/\/ceas.org.pe\/index.php\/2016\/07\/08\/arquidiocesis-del-cusco-realizan-asambleas-para-la-renovacion-pastoral\/","title":{"rendered":"Arquidi\u00f3cesis del Cusco realizan asambleas para la renovaci\u00f3n pastoral"},"content":{"rendered":"<p>\u00a0Con la finalidad de contribuir con la elaboraci\u00f3n del Plan Pastoral de la Arquidi\u00f3cesis del Cusco, durante el presente a\u00f1o se estar\u00e1n desarrollando las asambleas zonales en diversas decanaturas de nuestra Arquidi\u00f3cesis, con el fin de poder facilitar y contribuir con el desarrollo de nuestra Jurisdicci\u00f3n Eclesi\u00e1stica.<\/p>\n<div>\u00a0<\/div>\n<div>La primera Asamblea Zonal se realizar\u00e1 el pr\u00f3ximo 12 y 13 de julio en la Parroquia Nuestra Se\u00f1ora del Rosario de Paucartambo, congregando a las zonas pastorales de Paucartambo y Quispicanchi. Esta actividad estar\u00e1 presidida por Mons. Richard Daniel Alarc\u00f3n Urrutia, Arzobispo Metropolitano del Cusco, donde participar\u00e1n sacerdotes, religiosas, religiosos y laicos comprometidos de las diversas parroquias de estas zonas pastorales.<\/div>\n<div>\u00a0<\/div>\n<div>El R.P. Hern\u00e1n Soncco Pineda, y el R.P. Antonio S\u00e1nchez Guardamino, Decano de Paucartambo y Decano de Quispicanchi, respectivamente, hacen extensiva la invitaci\u00f3n a toda la feligres\u00eda de estas zonas de la Arquidi\u00f3cesis del Cusco, a participar activamente con el planteamiento de propuestas y objetivos, para lograr un desarrollo integral dentro de la Iglesia cusque\u00f1a.<\/div>\n<div>\u00a0<\/div>\n<div>Fuente: arzobispadodelcusco.org<\/div>\n<p><a href=\"http:\/\/web.hilo.org.pe\/wp-content\/uploads\/20160708_Asambleas Zonales de Renovacion Pastoral.jpg\" target=\"_blank\" rel=\"noopener\">Ver archivo adjunto<\/a><\/p>\n","protected":false},"excerpt":{"rendered":"<p>Con la finalidad de contribuir con la elaboraci?n del Plan Pastoral de la Arquidi?cesis del Cusco, durante el presente a?o se estar?n desarrollando las asambleas zonales en diversas decanaturas de nuestra Arquidi?cesis, con el fin de poder facilitar y contribuir con el desarrollo de nuestra Jurisdicci?n Eclesi?stica.<\/p>\n","protected":false},"author":1,"featured_media":1232,"comment_status":"closed","ping_status":"closed","sticky":false,"template":"","format":"standard","meta":{"footnotes":""},"categories":[9],"tags":[],"class_list":["post-2853","post","type-post","status-publish","format-standard","has-post-thumbnail","hentry","category-noticias"],"_links":{"self":[{"href":"https:\/\/ceas.org.pe\/index.php\/wp-json\/wp\/v2\/posts\/2853","targetHints":{"allow":["GET"]}}],"collection":[{"href":"https:\/\/ceas.org.pe\/index.php\/wp-json\/wp\/v2\/posts"}],"about":[{"href":"https:\/\/ceas.org.pe\/index.php\/wp-json\/wp\/v2\/types\/post"}],"author":[{"embeddable":true,"href":"https:\/\/ceas.org.pe\/index.php\/wp-json\/wp\/v2\/users\/1"}],"replies":[{"embeddable":true,"href":"https:\/\/ceas.org.pe\/index.php\/wp-json\/wp\/v2\/comments?post=2853"}],"version-history":[{"count":1,"href":"https:\/\/ceas.org.pe\/index.php\/wp-json\/wp\/v2\/posts\/2853\/revisions"}],"predecessor-version":[{"id":6365,"href":"https:\/\/ceas.org.pe\/index.php\/wp-json\/wp\/v2\/posts\/2853\/revisions\/6365"}],"wp:featuredmedia":[{"embeddable":true,"href":"https:\/\/ceas.org.pe\/index.php\/wp-json\/wp\/v2\/media\/1232"}],"wp:attachment":[{"href":"https:\/\/ceas.org.pe\/index.php\/wp-json\/wp\/v2\/media?parent=2853"}],"wp:term":[{"taxonomy":"category","embeddable":true,"href":"https:\/\/ceas.org.pe\/index.php\/wp-json\/wp\/v2\/categories?post=2853"},{"taxonomy":"post_tag","embeddable":true,"href":"https:\/\/ceas.org.pe\/index.php\/wp-json\/wp\/v2\/tags?post=2853"}],"curies":[{"name":"wp","href":"https:\/\/api.w.org\/{rel}","templated":true}]}}