{"id":2849,"date":"2016-07-06T11:45:35","date_gmt":"2016-07-06T11:45:35","guid":{"rendered":""},"modified":"2026-03-11T09:12:02","modified_gmt":"2026-03-11T14:12:02","slug":"obispos-del-pero-inician-hoy-asamblea-ordinaria-con-misas-celebradas-en-cuatro-lugares-significativo","status":"publish","type":"post","link":"https:\/\/ceas.org.pe\/index.php\/2016\/07\/06\/obispos-del-pero-inician-hoy-asamblea-ordinaria-con-misas-celebradas-en-cuatro-lugares-significativo\/","title":{"rendered":"Obispos del Per\u00f3 inician hoy Asamblea Ordinaria con misas celebradas en cuatro lugares significativo"},"content":{"rendered":"<p>En el Jubileo Extraordinario de la Misericordia, que celebra la Iglesia Cat\u00f3lica, convocada por el Papa Francisco, los Obispos del Per\u00fa celebrar\u00e1n la Santa Misa de apertura de la 108\u00aa Asamblea Ordinaria, en cuatro lugares significativos de la caridad cristiana, para estar cerca de los m\u00e1s necesitados.\u00a0<\/p>\n<p>La Eucarist\u00eda se oficiar\u00e1 el mi\u00e9rcoles 6 de julio, a las 9:30 a.m., como inicio de la 108\u00aa Asamblea de los Obispos del Per\u00fa, en los siguientes lugares: \u00a0\u00a0<\/p>\n<div>&#8211; Penal Castro Castro, en San Juan de Lurigancho.\u00a0<\/div>\n<div>&#8211; Penal Santa M\u00f3nica de Mujeres, en Chorrillos.\u00a0<\/div>\n<div>&#8211; Instituto Nacional de Salud del Ni\u00f1o, en Bre\u00f1a.\u00a0<\/div>\n<div>&#8211; Hogar San Camilo, en Barrios Altos \u2013 Lima. \u00a0\u00a0<\/div>\n<div>\u00a0<\/div>\n<div>En cada uno de estos centros penitenciarios y hospitalarios un grupo de Obispos concelebrar\u00e1 la Santa Misa, para compartir con ellos la Misericordia del Padre, en este \u201cA\u00f1o Jubilar\u201d. \u00a0<\/div>\n<div>\u00a0<\/div>\n<div>Como se sabe, el Papa Francisco pidi\u00f3 que la celebraci\u00f3n del A\u00f1o Santo \u201csea un aut\u00e9ntico momento de encuentro con la Misericordia de Dios para todos los creyentes\u201d. \u201cQue sea una experiencia viva de la cercan\u00eda del Padre, como si se quisiese tocar con la mano su ternura, para que se fortalezca la fe de cada creyente y, as\u00ed, el testimonio sea cada vez m\u00e1s eficaz\u201d, dijo. \u00a0\u00a0<\/div>\n<div>\u00a0<\/div>\n<div>Por ello, pensando en las personas que padecen de alguna enfermedad y las personas privadas de su libertad, el Santo Padre pidi\u00f3 que ellos tambi\u00e9n compartan el \u201cA\u00f1o de la Misericordia\u201d viviendo con fe y gozosa esperanza este momento de prueba, recibiendo la comuni\u00f3n y participando en la Santa Misa y en la oraci\u00f3n comunitaria. \u00a0 \u00a0<\/div>\n<div>\u00a0<\/div>\n<div>Las sesiones de la 108\u00aa Asamblea de los Obispos del Per\u00fa se realizar\u00e1n en la sede de la Conferencia Episcopal Peruana, en Jes\u00fas Mar\u00eda, del mi\u00e9rcoles 6 al viernes 8 de julio. \u00a0<\/div>\n<div>\u00a0<\/div>\n<div>Con el ruego de su difusi\u00f3n \u00a0\u00a0<\/div>\n<div>Lima, 5 de julio de 2016\u00a0<\/div>\n<div>Oficina de Prensa \u00a0\u00a0<\/div>\n<div>\u00a0<\/div>\n<div>\u00a0<\/div>\n<div>Tomado del facebook Conferencia Episcopal Peruana<\/div>\n<p><a href=\"http:\/\/web.hilo.org.pe\/wp-content\/uploads\/conferencia-episcopal-peruana-logo.jpg\" target=\"_blank\" rel=\"noopener\">Ver archivo adjunto<\/a><\/p>\n","protected":false},"excerpt":{"rendered":"<p>En el Jubileo Extraordinario de la Misericordia, que celebra la Iglesia Cat?lica, convocada por el Papa Francisco, los Obispos del Per? celebrar?n la Santa Misa de apertura de la 108? Asamblea Ordinaria, en cuatro lugares significativos de la caridad cristiana, para estar cerca de los m?s necesitados.<\/p>\n","protected":false},"author":1,"featured_media":1232,"comment_status":"closed","ping_status":"closed","sticky":false,"template":"","format":"standard","meta":{"footnotes":""},"categories":[9],"tags":[],"class_list":["post-2849","post","type-post","status-publish","format-standard","has-post-thumbnail","hentry","category-noticias"],"_links":{"self":[{"href":"https:\/\/ceas.org.pe\/index.php\/wp-json\/wp\/v2\/posts\/2849","targetHints":{"allow":["GET"]}}],"collection":[{"href":"https:\/\/ceas.org.pe\/index.php\/wp-json\/wp\/v2\/posts"}],"about":[{"href":"https:\/\/ceas.org.pe\/index.php\/wp-json\/wp\/v2\/types\/post"}],"author":[{"embeddable":true,"href":"https:\/\/ceas.org.pe\/index.php\/wp-json\/wp\/v2\/users\/1"}],"replies":[{"embeddable":true,"href":"https:\/\/ceas.org.pe\/index.php\/wp-json\/wp\/v2\/comments?post=2849"}],"version-history":[{"count":1,"href":"https:\/\/ceas.org.pe\/index.php\/wp-json\/wp\/v2\/posts\/2849\/revisions"}],"predecessor-version":[{"id":6369,"href":"https:\/\/ceas.org.pe\/index.php\/wp-json\/wp\/v2\/posts\/2849\/revisions\/6369"}],"wp:featuredmedia":[{"embeddable":true,"href":"https:\/\/ceas.org.pe\/index.php\/wp-json\/wp\/v2\/media\/1232"}],"wp:attachment":[{"href":"https:\/\/ceas.org.pe\/index.php\/wp-json\/wp\/v2\/media?parent=2849"}],"wp:term":[{"taxonomy":"category","embeddable":true,"href":"https:\/\/ceas.org.pe\/index.php\/wp-json\/wp\/v2\/categories?post=2849"},{"taxonomy":"post_tag","embeddable":true,"href":"https:\/\/ceas.org.pe\/index.php\/wp-json\/wp\/v2\/tags?post=2849"}],"curies":[{"name":"wp","href":"https:\/\/api.w.org\/{rel}","templated":true}]}}