{"id":2848,"date":"2016-07-05T13:48:44","date_gmt":"2016-07-05T13:48:44","guid":{"rendered":""},"modified":"2026-03-11T09:12:02","modified_gmt":"2026-03-11T14:12:02","slug":"santo-padre-se-une-a-iniciativa-de-coritas-osiria-la-paz-es-posibleo","status":"publish","type":"post","link":"https:\/\/ceas.org.pe\/index.php\/2016\/07\/05\/santo-padre-se-une-a-iniciativa-de-coritas-osiria-la-paz-es-posibleo\/","title":{"rendered":"Santo Padre se une a iniciativa de C\u00f3ritas \u00f3Siria: la paz es posible\u00f3"},"content":{"rendered":"<p>C\u00e1ritas Internacional ha organizado la campa\u00f1a \u201cSiria: la paz es posible\u201d, la cual cuenta para su presentaci\u00f3n con un v\u00eddeo mensaje del papa Francisco.<\/p>\n<div>\u00a0<\/div>\n<div>Para la campa\u00f1a ha sido lanzada la web: http:\/\/syria.caritas.org\/es\/ que invita a formar parte de un movimiento mundial para detener el conflicto, buscando refugio y hospitalidad para quienes son desplazados, poni\u00e9ndose en primera l\u00ednea con la gente que necesita ayuda.<\/div>\n<div>\u00a0<\/div>\n<div>En su mensaje, el Santo Padre se\u00f1ala la incoherencia de quien habla de paz y al mismo tiempo vende armas, y que el mundo debe reconocer que no existe una soluci\u00f3n militar para Siria sino pol\u00edtica, apoyando las conversaciones de paz para construir un gobierno de unidad nacional.<\/div>\n<div>\u00a0<\/div>\n<div>Invita as\u00ed a unir fuerzas para que la paz sea posible, y concluye: \u00a1Esto s\u00ed que ser\u00e1 un grandioso ejemplo de misericordia y amor vivido por el bien de toda la comunidad internacional!<\/div>\n<div>\u00a0<\/div>\n<div>Texto del v\u00eddeo mensaje<\/div>\n<div>\u201cQueridos hermanos y hermanas:<\/div>\n<div>\u00a0<\/div>\n<div>Hoy quiero hablaros de algo que entristece mucho mi coraz\u00f3n: la guerra en Siria, que ya entr\u00f3 en su quinto a\u00f1o. Es una situaci\u00f3n de sufrimiento indescriptible, cuya v\u00edctima es el pueblo sirio, obligado a sobrevivir bajo las bombas o buscando v\u00edas de evacuaci\u00f3n a otros pa\u00edses o \u00e1reas de Siria, menos desgarradas por la guerra: abandonan sus hogares, todo \u2026 Tambi\u00e9n pienso en las comunidades cristianas, a las que mando todo mi apoyo, a causa de la discriminaci\u00f3n que tienen que soportar.<\/div>\n<div>\u00a0<\/div>\n<div>Me gustar\u00eda hacer aqu\u00ed una exhortaci\u00f3n a todos los fieles y a todos aquellos que est\u00e1n comprometidos con C\u00e1ritas, en la construcci\u00f3n de una sociedad m\u00e1s justa. Mientras que el pueblo sufre, una incre\u00edble cantidad de dinero se gasta para proporcionar armas a los combatientes. Y algunos de los pa\u00edses proveedores de estas armas tambi\u00e9n se encuentran entre los que hablan de paz. \u00bfC\u00f3mo se puede creer en quienes con la mano derecha te acarician y te golpean con la izquierda?<\/div>\n<div>\u00a0<\/div>\n<div>Animo a todos, adultos y j\u00f3venes, a vivir con entusiasmo este A\u00f1o de la Misericordia para vencer a la indiferencia y proclamar con fuerza que \u00a1la paz en Siria es posible! \u00a1La paz en Siria es posible!<\/div>\n<div>\u00a0<\/div>\n<div>Por eso, somos llamados a encarnar esta Palabra de Dios: \u201cPorque yo s\u00e9 muy bien lo que har\u00e9 por ustedes; les quiero dar paz y no desgracia y un porvenir lleno de esperanza \u2013 palabra de Yav\u00e9\u201d (Jerem\u00edas 29 , 11).<\/div>\n<div>\u00a0<\/div>\n<div>Les invito a orar por la paz en Siria y por su pueblo, en ocasi\u00f3n de vigilias de oraci\u00f3n, de iniciativas de sensibilizaci\u00f3n en grupos, en parroquias y comunidades, para difundir un mensaje de paz, un mensaje de unidad y esperanza.<\/div>\n<div>\u00a0<\/div>\n<div>Que a la oraci\u00f3n, sigan luego obras de paz. Les invito que se dirijan a aquellos que est\u00e1n involucrados en las negociaciones de paz, para que tomen en serio estos acuerdos y se comprometen a facilitar el acceso a la ayuda humanitaria.<\/div>\n<div>\u00a0<\/div>\n<div>Todo el mundo debe reconocer que no existe una soluci\u00f3n militar para Siria: s\u00f3lo una pol\u00edtica. Por lo tanto, la comunidad internacional debe apoyar las conversaciones de paz para construir un gobierno de unidad nacional.<\/div>\n<div>\u00a0<\/div>\n<div>Unamos fuerzas, a todos los niveles, para asegurarnos de que la paz sea posible en la amada Siria.<\/div>\n<div>\u00a1Esto s\u00ed que ser\u00e1 un grandioso ejemplo de misericordia y amor vivido por el bien de toda la comunidad internacional!<\/div>\n<div>\u00a0<\/div>\n<div>\u00a1Que el Se\u00f1or les bendiga y la Virgen les guarde! \u00a0Gracias\u201d.<\/div>\n<div>\u00a0<\/div>\n<div>Fuente: zenit.org<\/div>\n<p><a href=\"http:\/\/web.hilo.org.pe\/wp-content\/uploads\/Sirialapazesposible.png\" target=\"_blank\" rel=\"noopener\">Ver archivo adjunto<\/a><\/p>\n","protected":false},"excerpt":{"rendered":"<p>C?ritas Internacional ha organizado la campa?a ?Siria: la paz es posible?, la cual cuenta para su presentaci?n con un v?deo mensaje del papa Francisco.<\/p>\n","protected":false},"author":1,"featured_media":7882,"comment_status":"closed","ping_status":"closed","sticky":false,"template":"","format":"standard","meta":{"footnotes":""},"categories":[9],"tags":[],"class_list":["post-2848","post","type-post","status-publish","format-standard","has-post-thumbnail","hentry","category-noticias"],"_links":{"self":[{"href":"https:\/\/ceas.org.pe\/index.php\/wp-json\/wp\/v2\/posts\/2848","targetHints":{"allow":["GET"]}}],"collection":[{"href":"https:\/\/ceas.org.pe\/index.php\/wp-json\/wp\/v2\/posts"}],"about":[{"href":"https:\/\/ceas.org.pe\/index.php\/wp-json\/wp\/v2\/types\/post"}],"author":[{"embeddable":true,"href":"https:\/\/ceas.org.pe\/index.php\/wp-json\/wp\/v2\/users\/1"}],"replies":[{"embeddable":true,"href":"https:\/\/ceas.org.pe\/index.php\/wp-json\/wp\/v2\/comments?post=2848"}],"version-history":[{"count":1,"href":"https:\/\/ceas.org.pe\/index.php\/wp-json\/wp\/v2\/posts\/2848\/revisions"}],"predecessor-version":[{"id":6370,"href":"https:\/\/ceas.org.pe\/index.php\/wp-json\/wp\/v2\/posts\/2848\/revisions\/6370"}],"wp:featuredmedia":[{"embeddable":true,"href":"https:\/\/ceas.org.pe\/index.php\/wp-json\/wp\/v2\/media\/7882"}],"wp:attachment":[{"href":"https:\/\/ceas.org.pe\/index.php\/wp-json\/wp\/v2\/media?parent=2848"}],"wp:term":[{"taxonomy":"category","embeddable":true,"href":"https:\/\/ceas.org.pe\/index.php\/wp-json\/wp\/v2\/categories?post=2848"},{"taxonomy":"post_tag","embeddable":true,"href":"https:\/\/ceas.org.pe\/index.php\/wp-json\/wp\/v2\/tags?post=2848"}],"curies":[{"name":"wp","href":"https:\/\/api.w.org\/{rel}","templated":true}]}}