{"id":2846,"date":"2016-07-04T10:49:37","date_gmt":"2016-07-04T10:49:37","guid":{"rendered":""},"modified":"2026-03-11T09:12:02","modified_gmt":"2026-03-11T14:12:02","slug":"conferencia-episcopal-peruana-lanzaro-campaoa-compartir-2016","status":"publish","type":"post","link":"https:\/\/ceas.org.pe\/index.php\/2016\/07\/04\/conferencia-episcopal-peruana-lanzaro-campaoa-compartir-2016\/","title":{"rendered":"Conferencia Episcopal Peruana lanzar\u00f3 Campa\u00f3a Compartir 2016"},"content":{"rendered":"<div>Todo va quedando listo para que este martes 5 de julio, se realice el lanzamiento oficial de la Campa\u00f1a de Solidaridad Compartir 2016, que este a\u00f1o tendr\u00e1 como eje central las personas con discapacidad, con el lema: \u201cAcoger y promover a las personas con discapacidad: Un acto de justicia y misericordia\u201d.<\/div>\n<div>\u00a0<\/div>\n<div>El lanzamiento de la Campa\u00f1a de Solidaridad Compartir se realizar\u00e1 con una conferencia de prensa, a las 10:30 de la ma\u00f1ana en el auditorio de la Conferencia Episcopal Peruana, en Jes\u00fas Mar\u00eda.\u00a0<\/div>\n<div>\u00a0<\/div>\n<div>Esta actividad contar\u00e1 con la presencia de importantes invitados que dar\u00e1n una visi\u00f3n de la discapacidad en el Per\u00fa y la labor de la Iglesia. Tambi\u00e9n se presentar\u00e1 el spot de TV, que promover\u00e1 la Campa\u00f1a de Solidaridad Compartir 2016, con las colectas p\u00fablica y parroquial, que se realizar\u00e1n en el mes de agosto. El objetivo del evento es dar a conocer los detalles y acciones de la Campa\u00f1a Compartir 2016, para luego sensibilizar a la poblaci\u00f3n sobre la ni\u00f1ez abandonada en nuestro pa\u00eds.<\/div>\n<div>\u00a0<\/div>\n<div>La Campa\u00f1a de Solidaridad \u201cCOMPARTIR\u201d es una acci\u00f3n solidaria de la Conferencia Episcopal Peruana, que desde 1990 trabaja un tema diferente cada a\u00f1o, a favor de las poblaciones m\u00e1s necesitadas del pa\u00eds.\u00a0<\/div>\n<p><a href=\"http:\/\/web.hilo.org.pe\/wp-content\/uploads\/logo compartir.JPG\" target=\"_blank\" rel=\"noopener\">Ver archivo adjunto<\/a><\/p>\n","protected":false},"excerpt":{"rendered":"<p>Todo va quedando listo para que este martes 5 de julio, se realice el lanzamiento oficial de la Campa?a de Solidaridad Compartir 2016, que este a?o tendr? como eje central las personas con discapacidad, con el lema: ?Acoger y promover a las personas con discapacidad: Un acto de justicia y misericordia?.<\/p>\n","protected":false},"author":1,"featured_media":5502,"comment_status":"closed","ping_status":"closed","sticky":false,"template":"","format":"standard","meta":{"footnotes":""},"categories":[9],"tags":[],"class_list":["post-2846","post","type-post","status-publish","format-standard","has-post-thumbnail","hentry","category-noticias"],"_links":{"self":[{"href":"https:\/\/ceas.org.pe\/index.php\/wp-json\/wp\/v2\/posts\/2846","targetHints":{"allow":["GET"]}}],"collection":[{"href":"https:\/\/ceas.org.pe\/index.php\/wp-json\/wp\/v2\/posts"}],"about":[{"href":"https:\/\/ceas.org.pe\/index.php\/wp-json\/wp\/v2\/types\/post"}],"author":[{"embeddable":true,"href":"https:\/\/ceas.org.pe\/index.php\/wp-json\/wp\/v2\/users\/1"}],"replies":[{"embeddable":true,"href":"https:\/\/ceas.org.pe\/index.php\/wp-json\/wp\/v2\/comments?post=2846"}],"version-history":[{"count":1,"href":"https:\/\/ceas.org.pe\/index.php\/wp-json\/wp\/v2\/posts\/2846\/revisions"}],"predecessor-version":[{"id":6372,"href":"https:\/\/ceas.org.pe\/index.php\/wp-json\/wp\/v2\/posts\/2846\/revisions\/6372"}],"wp:featuredmedia":[{"embeddable":true,"href":"https:\/\/ceas.org.pe\/index.php\/wp-json\/wp\/v2\/media\/5502"}],"wp:attachment":[{"href":"https:\/\/ceas.org.pe\/index.php\/wp-json\/wp\/v2\/media?parent=2846"}],"wp:term":[{"taxonomy":"category","embeddable":true,"href":"https:\/\/ceas.org.pe\/index.php\/wp-json\/wp\/v2\/categories?post=2846"},{"taxonomy":"post_tag","embeddable":true,"href":"https:\/\/ceas.org.pe\/index.php\/wp-json\/wp\/v2\/tags?post=2846"}],"curies":[{"name":"wp","href":"https:\/\/api.w.org\/{rel}","templated":true}]}}