{"id":2845,"date":"2016-07-04T10:47:36","date_gmt":"2016-07-04T10:47:36","guid":{"rendered":""},"modified":"2026-03-11T09:12:02","modified_gmt":"2026-03-11T14:12:02","slug":"arquidiocesis-de-ayacucho-celebro-sus-50-aoos-de-elevacion-a-diocesis","status":"publish","type":"post","link":"https:\/\/ceas.org.pe\/index.php\/2016\/07\/04\/arquidiocesis-de-ayacucho-celebro-sus-50-aoos-de-elevacion-a-diocesis\/","title":{"rendered":"Arquidi\u00f3cesis de Ayacucho celebr\u00f3 sus 50 a\u00f3os de elevaci\u00f3n a Di\u00f3cesis"},"content":{"rendered":"<div>En un ambiente de j\u00fabilo, el fin de semana la Arquidi\u00f3cesis de Ayacucho celebr\u00f3 los 50 a\u00f1os de su elevaci\u00f3n de la jurisdicci\u00f3n eclesi\u00e1stica como Arquidi\u00f3cesis, con el lema: \u201c50 A\u00f1os en el Coraz\u00f3n de Nuestro Pueblo\u201d.<\/div>\n<div>\u00a0<\/div>\n<div>En esta celebraci\u00f3n participaron como invitados diversos Obispos del Per\u00fa, como Monse\u00f1or Salvador Pi\u00f1eiro, Arzobispo de Ayacucho y Presidente de la Conferencia Episcopal Peruana; Monse\u00f1or Richard Daniel Alarc\u00f3n Urrutia, Arzobispo del Cusco; Monse\u00f1or Juan Carlos Vera Plascencia, Obispo Castrense del Per\u00fa; Monse\u00f1or Gilbert G\u00f3mez G\u00f3zales, Obispo de Abancay; Monse\u00f1or Domingo Berni Leonardi, Obispo Prelado de Chuquibambilla, y Monse\u00f1or Gerardo Antonio Zerd\u00edn, Obispo Vicario Apost\u00f3lico de San Ram\u00f3n, adem\u00e1s de autoridades eclesi\u00e1sticas, civiles, militares y fieles en general.<\/div>\n<div>\u00a0<\/div>\n<div>Cabe resaltar que las actividades comenzaron el 25 de junio con un \u201cActo Cultural\u201d, donde se tuvo como ponente al Dr. Jos\u00e9 Antonio Benito, con el tema \u201cRa\u00edces de desaf\u00edos de la Evangelizaci\u00f3n\u201d, y posteriormente la ceremonia de reconocimiento con la Medalla San Juan Bautista, m\u00e1xima distinci\u00f3n que otorga el Arzobispado de Ayacucho, a las principales personalidades que a lo largo de los a\u00f1os contribuyeron con el trabajo de evangelizaci\u00f3n en esta jurisdicci\u00f3n eclesi\u00e1stica, entre ellas a Monse\u00f1or Luis Sebastiani Aguirre, Arzobispo Em\u00e9rito de Ayacucho; al Padre Godofredo Barrientos, Decano del Clero Arquidiocesano de Ayacucho; a la Hermana Mar\u00eda Estrella del Carmen Valc\u00e1rcel Mu\u00f1iz (Madre Covadonga), entre otros.<\/div>\n<div>\u00a0<\/div>\n<div>Luego, el domingo 26 de junio, se celebr\u00f3 la Solemne Misa Jubilar por los 50 a\u00f1os de Arquidi\u00f3cesis de Ayacucho como Sede Metropolitana. La Eucarist\u00eda se ofici\u00f3 en la Catedral de Ayacucho, y fue presidida por Monse\u00f1or Salvador Pi\u00f1eiro, y concelebrada por los obispos presentes y sacerdotes del clero arquidiocesano.<\/div>\n<div>\u00a0<\/div>\n<div>La historia se\u00f1ala que el 20 de julio de 1609 fue creada la Di\u00f3cesis de Huamanga, con parte del territorio del Obispado del Cuzco y como sufrag\u00e1nea de la metropolitana de Lima. M\u00e1s tarde recibi\u00f3 el nombre de Ayacucho y en 1943 fue vinculada a la nueva Arquidi\u00f3cesis metropolitana del Cusco. En junio de 1966, la Di\u00f3cesis fue elevada al rango de Arquidi\u00f3cesis, siendo nombrado como primer Arzobispo, Monse\u00f1or Otoniel Alcedo Culquicondor. Son sufrag\u00e1neas, la Di\u00f3cesis de Huancavelica y la Prelatura de Caravel\u00ed. (Fuente: CEP)<\/div>\n<p><a href=\"http:\/\/web.hilo.org.pe\/wp-content\/uploads\/Arquidiocesis de Ayacucho.jpg\" target=\"_blank\" rel=\"noopener\">Ver archivo adjunto<\/a><\/p>\n","protected":false},"excerpt":{"rendered":"<p>En un ambiente de j?bilo, el fin de semana la Arquidi?cesis de Ayacucho celebr? los 50 a?os de su elevaci?n de la jurisdicci?n eclesi?stica como Arquidi?cesis, con el lema: ?50 A?os en el Coraz?n de Nuestro Pueblo?.<\/p>\n","protected":false},"author":1,"featured_media":8102,"comment_status":"closed","ping_status":"closed","sticky":false,"template":"","format":"standard","meta":{"footnotes":""},"categories":[9],"tags":[],"class_list":["post-2845","post","type-post","status-publish","format-standard","has-post-thumbnail","hentry","category-noticias"],"_links":{"self":[{"href":"https:\/\/ceas.org.pe\/index.php\/wp-json\/wp\/v2\/posts\/2845","targetHints":{"allow":["GET"]}}],"collection":[{"href":"https:\/\/ceas.org.pe\/index.php\/wp-json\/wp\/v2\/posts"}],"about":[{"href":"https:\/\/ceas.org.pe\/index.php\/wp-json\/wp\/v2\/types\/post"}],"author":[{"embeddable":true,"href":"https:\/\/ceas.org.pe\/index.php\/wp-json\/wp\/v2\/users\/1"}],"replies":[{"embeddable":true,"href":"https:\/\/ceas.org.pe\/index.php\/wp-json\/wp\/v2\/comments?post=2845"}],"version-history":[{"count":1,"href":"https:\/\/ceas.org.pe\/index.php\/wp-json\/wp\/v2\/posts\/2845\/revisions"}],"predecessor-version":[{"id":6373,"href":"https:\/\/ceas.org.pe\/index.php\/wp-json\/wp\/v2\/posts\/2845\/revisions\/6373"}],"wp:featuredmedia":[{"embeddable":true,"href":"https:\/\/ceas.org.pe\/index.php\/wp-json\/wp\/v2\/media\/8102"}],"wp:attachment":[{"href":"https:\/\/ceas.org.pe\/index.php\/wp-json\/wp\/v2\/media?parent=2845"}],"wp:term":[{"taxonomy":"category","embeddable":true,"href":"https:\/\/ceas.org.pe\/index.php\/wp-json\/wp\/v2\/categories?post=2845"},{"taxonomy":"post_tag","embeddable":true,"href":"https:\/\/ceas.org.pe\/index.php\/wp-json\/wp\/v2\/tags?post=2845"}],"curies":[{"name":"wp","href":"https:\/\/api.w.org\/{rel}","templated":true}]}}