{"id":2844,"date":"2016-07-04T10:45:05","date_gmt":"2016-07-04T10:45:05","guid":{"rendered":""},"modified":"2026-03-11T09:12:02","modified_gmt":"2026-03-11T14:12:02","slug":"odec-de-sicuani-celebro-36-aniversario","status":"publish","type":"post","link":"https:\/\/ceas.org.pe\/index.php\/2016\/07\/04\/odec-de-sicuani-celebro-36-aniversario\/","title":{"rendered":"ODEC de Sicuani celebr\u00f3 36 aniversario"},"content":{"rendered":"<div>\u201cVayan y sean instrumentos de la Misericordia de Dios en la Prelatura\u201d, fue el mensaje central en la homil\u00eda de Monse\u00f1or Pedro Alberto Bustamante L\u00f3pez, Obispo Prelado de Sicuani, en la Santa Misa de Acci\u00f3n de Gracias con motivo del trig\u00e9simo sexto aniversario de la Oficina Diocesana de Educaci\u00f3n Cat\u00f3lica de la jurisdicci\u00f3n, y que fue celebrada en el templo Matriz de Sicuani. En la Eucarist\u00eda, participaron docentes de educaci\u00f3n primaria y secundaria de las provincias altas: Chumbivilcas, Espinar, Canas y Canchis.<\/div>\n<div>\u00a0<\/div>\n<div>La Oficina Diocesana de Educaci\u00f3n Cat\u00f3lica de Sicuani fue reconocida con R.S. N\u00ba 23-90-ED, con la finalidad de fortalecer la fe y la pr\u00e1ctica de valores en los alumnos de las instituciones educativas que se encuentran en la Prelatura de Sicuani. Actualmente son 96 maestros que cumplen esa sacrificada misi\u00f3n de educar el evangelio con la palabra y el ejemplo a los educandos.<\/div>\n<div>\u00a0<\/div>\n<div>Despu\u00e9s de la celebraci\u00f3n de Eucarist\u00eda, se desarroll\u00f3 una ceremonia en el s\u00f3tano de la Catedral de Sicuani, presidida por Sor Guissella Lisset Pacherre, Directora de la ODEC, con la participaci\u00f3n de los maestros que prepararon, juegos, danzas y m\u00fasica organizados por zonas pastorales. La celebraci\u00f3n culmin\u00f3 con un almuerzo de confraternidad para los maestros de educaci\u00f3n religiosa quienes se encuentran desplegados en cada una de las comunidades campesinas. (Fuente: CEP)\u00a0<\/div>\n<p><a href=\"http:\/\/web.hilo.org.pe\/wp-content\/uploads\/20160704_ODEC de Sicuani celebro 36 aniversario.jpg\" target=\"_blank\" rel=\"noopener\">Ver archivo adjunto<\/a><\/p>\n","protected":false},"excerpt":{"rendered":"<p>?Vayan y sean instrumentos de la Misericordia de Dios en la Prelatura?, fue el mensaje central en la homil?a de Monse?or Pedro Alberto Bustamante L?pez, Obispo Prelado de Sicuani, en la Santa Misa de Acci?n de Gracias con motivo del trig?simo sexto aniversario de la Oficina Diocesana de Educaci?n Cat?lica de la jurisdicci?n, y que fue celebrada en el templo Matriz de Sicuani. En la Eucarist?a, participaron docentes de educaci?n primaria y secundaria de las provincias altas: Chumbivilcas, Espinar, Canas y Canchis.<\/p>\n","protected":false},"author":1,"featured_media":7943,"comment_status":"closed","ping_status":"closed","sticky":false,"template":"","format":"standard","meta":{"footnotes":""},"categories":[9],"tags":[],"class_list":["post-2844","post","type-post","status-publish","format-standard","has-post-thumbnail","hentry","category-noticias"],"_links":{"self":[{"href":"https:\/\/ceas.org.pe\/index.php\/wp-json\/wp\/v2\/posts\/2844","targetHints":{"allow":["GET"]}}],"collection":[{"href":"https:\/\/ceas.org.pe\/index.php\/wp-json\/wp\/v2\/posts"}],"about":[{"href":"https:\/\/ceas.org.pe\/index.php\/wp-json\/wp\/v2\/types\/post"}],"author":[{"embeddable":true,"href":"https:\/\/ceas.org.pe\/index.php\/wp-json\/wp\/v2\/users\/1"}],"replies":[{"embeddable":true,"href":"https:\/\/ceas.org.pe\/index.php\/wp-json\/wp\/v2\/comments?post=2844"}],"version-history":[{"count":1,"href":"https:\/\/ceas.org.pe\/index.php\/wp-json\/wp\/v2\/posts\/2844\/revisions"}],"predecessor-version":[{"id":6374,"href":"https:\/\/ceas.org.pe\/index.php\/wp-json\/wp\/v2\/posts\/2844\/revisions\/6374"}],"wp:featuredmedia":[{"embeddable":true,"href":"https:\/\/ceas.org.pe\/index.php\/wp-json\/wp\/v2\/media\/7943"}],"wp:attachment":[{"href":"https:\/\/ceas.org.pe\/index.php\/wp-json\/wp\/v2\/media?parent=2844"}],"wp:term":[{"taxonomy":"category","embeddable":true,"href":"https:\/\/ceas.org.pe\/index.php\/wp-json\/wp\/v2\/categories?post=2844"},{"taxonomy":"post_tag","embeddable":true,"href":"https:\/\/ceas.org.pe\/index.php\/wp-json\/wp\/v2\/tags?post=2844"}],"curies":[{"name":"wp","href":"https:\/\/api.w.org\/{rel}","templated":true}]}}