{"id":2843,"date":"2016-07-01T13:19:14","date_gmt":"2016-07-01T13:19:14","guid":{"rendered":""},"modified":"2026-03-11T09:12:02","modified_gmt":"2026-03-11T14:12:02","slug":"cusco-fue-sede-del-xviii-encuentro-de-la-partnerschaft-de-la-region-sur-del-paos","status":"publish","type":"post","link":"https:\/\/ceas.org.pe\/index.php\/2016\/07\/01\/cusco-fue-sede-del-xviii-encuentro-de-la-partnerschaft-de-la-region-sur-del-paos\/","title":{"rendered":"Cusco fue sede del XVIII Encuentro de la Partnerschaft de la Regi\u00f3n Sur del Pa\u00f3s"},"content":{"rendered":"<p>Con la presencia de Mons. Stephan Burger, Arzobispo Metropolitano de Friburgo \u2013 Alemania y Mons. Richard Daniel Alarc\u00f3n Urrutia, Arzobispo Metropolitano del Cusco, se realiz\u00f3 con gran \u00e9xito el \u201cXVIII Encuentro Regional del Sur de las Partners \u2013 Parroquias del Sur del Pa\u00eds\u201d, en el auditorio del Colegio Salesiano del Cusco, actividad que congreg\u00f3 aproximadamente a doscientos hermanos de las diversas Jurisdicciones Eclesi\u00e1sticas del Sur de nuestro Pa\u00eds, entre ellos: Arequipa, Abancay, Sicuani, Chuquibambilla, Puno, Friburgo y el Callao.<\/p>\n<div>\u00a0<\/div>\n<div>Este encuentro se inici\u00f3 con las palabras de bienvenida a cargo de Mons. Richard Daniel Alarc\u00f3n Urrutia, Arzobispo Metropolitano del Cusco, quien particip\u00f3 de esta actividad junto a Mons. Gilbert G\u00f3mez G\u00f3zales, Obispo de Abancay; Mons. Pedro Bustamante, Obispo de la Prelatura de Sicuani, Mons. Domingo Berni Leonardi, Prelado de Chuquibambilla y Mons. Stephan Burger, Arzobispo Metropolitano de Friburgo \u2013 Alemania, quien arrib\u00f3 a nuestra ciudad con una delegaci\u00f3n de 15 personas provenientes de Alemania que laboran en el proyecto de Partnerschaft. Durante esta actividad se estudi\u00f3 la Enc\u00edclica del Santo Padre Francisco \u201cLaudato Si\u201d, que habla sobre el cuidado de la Casa com\u00fan, cuya ponencia estuvo a cargo del R.P. Ren\u00e9 Pe\u00f1a, Coordinador de las Partners \u2013 Parroquias de la Arquidi\u00f3cesis del Cusco; finalizada la ponencia, cada Jurisdicci\u00f3n Eclesi\u00e1stica procedi\u00f3 a la elaboraci\u00f3n de un stand donde expusieron el trabajo que realizan gracias al apoyo de las Iglesias de Friburgo, quienes contribuyen a la aplicaci\u00f3n de proyectos con la finalidad de cuidar el medio ambiente y promover una mejor calidad de vida para sus habitantes.<\/div>\n<div>\u00a0<\/div>\n<div>Esta actividad finaliz\u00f3, con la celebraci\u00f3n Eucar\u00edstica en la Capilla del Colegio Salesiano de la que participaron obispos, sacerdotes y asistentes a este 18\u00b0 encuentro.<\/div>\n<div>\u00a0<\/div>\n<div>Fuente: arzobispadodelcusco.org<\/div>\n<p><a href=\"http:\/\/web.hilo.org.pe\/wp-content\/uploads\/20160701_Encuentro de la Partnerschaft de la Region Sur del Pais.jpg\" target=\"_blank\" rel=\"noopener\">Ver archivo adjunto<\/a><\/p>\n","protected":false},"excerpt":{"rendered":"<p>Con la presencia de Mons. Stephan Burger, Arzobispo Metropolitano de Friburgo ? Alemania y Mons. Richard Daniel Alarc?n Urrutia, Arzobispo Metropolitano del Cusco, se realiz? con gran ?xito el ?XVIII Encuentro Regional del Sur de las Partners ? Parroquias del Sur del Pa?s?, en el auditorio del Colegio Salesiano del Cusco, actividad que congreg? aproximadamente a doscientos hermanos de las diversas Jurisdicciones Eclesi?sticas del Sur de nuestro Pa?s, entre ellos: Arequipa, Abancay, Sicuani, Chuquibambilla, Puno, Friburgo y el Callao.<\/p>\n","protected":false},"author":1,"featured_media":7862,"comment_status":"closed","ping_status":"closed","sticky":false,"template":"","format":"standard","meta":{"footnotes":""},"categories":[9],"tags":[],"class_list":["post-2843","post","type-post","status-publish","format-standard","has-post-thumbnail","hentry","category-noticias"],"_links":{"self":[{"href":"https:\/\/ceas.org.pe\/index.php\/wp-json\/wp\/v2\/posts\/2843","targetHints":{"allow":["GET"]}}],"collection":[{"href":"https:\/\/ceas.org.pe\/index.php\/wp-json\/wp\/v2\/posts"}],"about":[{"href":"https:\/\/ceas.org.pe\/index.php\/wp-json\/wp\/v2\/types\/post"}],"author":[{"embeddable":true,"href":"https:\/\/ceas.org.pe\/index.php\/wp-json\/wp\/v2\/users\/1"}],"replies":[{"embeddable":true,"href":"https:\/\/ceas.org.pe\/index.php\/wp-json\/wp\/v2\/comments?post=2843"}],"version-history":[{"count":1,"href":"https:\/\/ceas.org.pe\/index.php\/wp-json\/wp\/v2\/posts\/2843\/revisions"}],"predecessor-version":[{"id":6375,"href":"https:\/\/ceas.org.pe\/index.php\/wp-json\/wp\/v2\/posts\/2843\/revisions\/6375"}],"wp:featuredmedia":[{"embeddable":true,"href":"https:\/\/ceas.org.pe\/index.php\/wp-json\/wp\/v2\/media\/7862"}],"wp:attachment":[{"href":"https:\/\/ceas.org.pe\/index.php\/wp-json\/wp\/v2\/media?parent=2843"}],"wp:term":[{"taxonomy":"category","embeddable":true,"href":"https:\/\/ceas.org.pe\/index.php\/wp-json\/wp\/v2\/categories?post=2843"},{"taxonomy":"post_tag","embeddable":true,"href":"https:\/\/ceas.org.pe\/index.php\/wp-json\/wp\/v2\/tags?post=2843"}],"curies":[{"name":"wp","href":"https:\/\/api.w.org\/{rel}","templated":true}]}}