{"id":2842,"date":"2016-06-30T19:17:09","date_gmt":"2016-06-30T19:17:09","guid":{"rendered":""},"modified":"2026-03-11T09:12:02","modified_gmt":"2026-03-11T14:12:02","slug":"campaoa-de-solidaridad-coritas-ante-el-froo","status":"publish","type":"post","link":"https:\/\/ceas.org.pe\/index.php\/2016\/06\/30\/campaoa-de-solidaridad-coritas-ante-el-froo\/","title":{"rendered":"Campa\u00f3a de solidaridad \u00abC\u00f3ritas ante el fr\u00f3o\u00bb"},"content":{"rendered":"<p>Desde los meses de abril a julio de 2016, se han registrado heladas y granizadas que vienen afectando la vida, la salud, viviendas, animales y \u00e1reas de cultivo de alrededor de 257, 251 personas que viven en las zonas altoandinas y altipl\u00e1nicas de nuestro pa\u00eds, por encima de los 3, 500 msnm (Informe de emergencia de INDECI N\u00b0392, 27\/06\/2016).<\/p>\n<div>Los departamento m\u00e1s afectados son Apur\u00edmac (27,436 personas afectadas), Cusco (54,833 afectados), Puno (132,413 damnificadas) y Huancavelica (25,055 afectados).\u00a0<\/div>\n<div>\u00a0<\/div>\n<div>Ante esta situaci\u00f3n, C\u00e1ritas del Per\u00fa junto con las C\u00e1ritas Diocesanas de Abancay, Sicuani, Cusco, Huancavelica y Ayaviri lanzan la campa\u00f1a de solidaridad \u201cC\u00e1ritas ante el fr\u00edo\u201d, con el prop\u00f3sito de contribuir a la atenci\u00f3n oportuna de las familias m\u00e1s afectadas, as\u00ed como la rehabilitaci\u00f3n temprana de sus condiciones de vida.<\/div>\n<div>\u00a0<\/div>\n<div>Esta campa\u00f1a busca recolectar alimentos no perecibles, frazadas y mantas, medicamentos y ropa de abrigo en excelentes condiciones, para ser trasladada a las familias m\u00e1s afectadas por las bajas temperaturas de las comunidades altoandinas de Apur\u00edmac, Cusco y Puno.<\/div>\n<div>\u00a0<\/div>\n<div>Nuestro centro de acopio son los almacenes de C\u00e1ritas del Per\u00fa ubicados en Calle Omicr\u00f3n 492 \u2013 Callao.<\/div>\n<div>C\u00e1ritas del Per\u00fa adem\u00e1s, ha abierto las siguientes cuentas para la recaudaci\u00f3n de fondos econ\u00f3micos:<\/div>\n<div>\u00a0<\/div>\n<div>\u00a0<\/div>\n<div>BANCO DE CR\u00c9DITO DEL PER\u00da<\/div>\n<div>C\u00c1RITAS DEL PER\u00da \u2013 CAMPA\u00d1A NACIONAL<\/div>\n<div>Cta. Cte. Soles<\/div>\n<div>193-2236439-0-91<\/div>\n<div>Cta. Cte. D\u00f3lares<\/div>\n<div>193-2238776-1-07<\/div>\n<div>\u00a0<\/div>\n<div>Estos fondos ser\u00e1n utilizados para financiar el acondicionamiento y traslado de la ayuda humanitaria.<\/div>\n<div>\u00a0<\/div>\n<div>Dependiendo de la recaudaci\u00f3n que se logre, podremos implementar un proyecto que permitir\u00e1 brindar tecnolog\u00edas integrales y duraderas para disminuir la vulnerabilidad de las familias rurales altoandinas, a trav\u00e9s del mejoramiento de sus viviendas con la construcci\u00f3n de cocinas mejoradas y muros trombe (calefactor solar), salud y nutrici\u00f3n, sanidad del ganado, cultivo de hortalizas, gesti\u00f3n de riesgos, entre otros.<\/div>\n<div>\u00a0<\/div>\n<div>Fuente: caritas.org.pe<\/div>\n<p><a href=\"http:\/\/web.hilo.org.pe\/wp-content\/uploads\/20160630_temperaturas bajas.jpg\" target=\"_blank\" rel=\"noopener\">Ver archivo adjunto<\/a><\/p>\n","protected":false},"excerpt":{"rendered":"<p>\u00a0Desde los meses de abril a julio de 2016, se han registrado heladas y granizadas que vienen afectando la vida, la salud, viviendas, animales y \u00e1reas de cultivo de alrededor de 257, 251 personas que viven en las zonas altoandinas y altipl\u00e1nicas de nuestro pa\u00eds, por encima de los 3, 500 msnm (Informe de emergencia de INDECI N\u00b0392, 27\/06\/2016).<\/p>\n<div>\u00a0<\/div>\n","protected":false},"author":1,"featured_media":7913,"comment_status":"closed","ping_status":"closed","sticky":false,"template":"","format":"standard","meta":{"footnotes":""},"categories":[9],"tags":[],"class_list":["post-2842","post","type-post","status-publish","format-standard","has-post-thumbnail","hentry","category-noticias"],"_links":{"self":[{"href":"https:\/\/ceas.org.pe\/index.php\/wp-json\/wp\/v2\/posts\/2842","targetHints":{"allow":["GET"]}}],"collection":[{"href":"https:\/\/ceas.org.pe\/index.php\/wp-json\/wp\/v2\/posts"}],"about":[{"href":"https:\/\/ceas.org.pe\/index.php\/wp-json\/wp\/v2\/types\/post"}],"author":[{"embeddable":true,"href":"https:\/\/ceas.org.pe\/index.php\/wp-json\/wp\/v2\/users\/1"}],"replies":[{"embeddable":true,"href":"https:\/\/ceas.org.pe\/index.php\/wp-json\/wp\/v2\/comments?post=2842"}],"version-history":[{"count":1,"href":"https:\/\/ceas.org.pe\/index.php\/wp-json\/wp\/v2\/posts\/2842\/revisions"}],"predecessor-version":[{"id":6376,"href":"https:\/\/ceas.org.pe\/index.php\/wp-json\/wp\/v2\/posts\/2842\/revisions\/6376"}],"wp:featuredmedia":[{"embeddable":true,"href":"https:\/\/ceas.org.pe\/index.php\/wp-json\/wp\/v2\/media\/7913"}],"wp:attachment":[{"href":"https:\/\/ceas.org.pe\/index.php\/wp-json\/wp\/v2\/media?parent=2842"}],"wp:term":[{"taxonomy":"category","embeddable":true,"href":"https:\/\/ceas.org.pe\/index.php\/wp-json\/wp\/v2\/categories?post=2842"},{"taxonomy":"post_tag","embeddable":true,"href":"https:\/\/ceas.org.pe\/index.php\/wp-json\/wp\/v2\/tags?post=2842"}],"curies":[{"name":"wp","href":"https:\/\/api.w.org\/{rel}","templated":true}]}}