{"id":2841,"date":"2016-06-30T19:09:15","date_gmt":"2016-06-30T19:09:15","guid":{"rendered":""},"modified":"2026-03-11T09:12:02","modified_gmt":"2026-03-11T14:12:02","slug":"papa-francisco-pide-mirar-a-jesos-en-el-hambriento-en-el-preso-en-el-enfermo","status":"publish","type":"post","link":"https:\/\/ceas.org.pe\/index.php\/2016\/06\/30\/papa-francisco-pide-mirar-a-jesos-en-el-hambriento-en-el-preso-en-el-enfermo\/","title":{"rendered":"Papa Francisco pide mirar a Jes\u00f3s en el hambriento, en el preso, en el enfermo"},"content":{"rendered":"<p>Queridos hermanos y hermanas \u00a1buenos d\u00edas!<\/p>\n<div>\u00a0<\/div>\n<div>\u00a1Cu\u00e1ntas veces, durante estos primeros meses del Jubileo, hemos escuchado hablar de las obras de misericordia! Hoy el Se\u00f1or nos invita a hacer un serio examen de conciencia.<\/div>\n<div>\u00a0<\/div>\n<div>Es bueno, de hecho, no olvidar nunca que la misericordia no es una palabra abstracta, sino un estilo de vida. Una persona puede ser misericordiosa o puede ser no misericordiosa. Es un estilo de vida, yo elijo vivir como misericordioso o elijo vivir como no misericordioso. Una cosa es hablar de misericordia, otra es vivir la misericordia.<\/div>\n<div>\u00a0<\/div>\n<div>Parafraseando las palabras del ap\u00f3stol Santiago (cfr 2,14-17) podemos decir: la misericordia sin las obras est\u00e1 muerta en s\u00ed misma. \u00a1Propiamente! Lo que hace viva la misericordia es su constante dinamismo para ir hacia el encuentro de las necesidades de aquellos que est\u00e1n en dificultad espiritual y material. La misericordia tiene ojos para ver, o\u00eddos para escuchar, manos para levantar\u2026<\/div>\n<div>\u00a0<\/div>\n<div>La vida cotidiana nos permite tocar con las propias manos muchas exigencias de las personas m\u00e1s pobres y m\u00e1s probadas. A nosotros se nos pide aquella atenci\u00f3n particular que nos lleva a darnos cuenta del estado de sufrimiento y necesidad en el que est\u00e1n tantos hermanos y hermanas.<\/div>\n<div>\u00a0<\/div>\n<div>A veces, pasamos delante de situaciones de dram\u00e1tica pobreza y parece que no nos tocan; todo contin\u00faa como si nada pasara, en una indiferencia que al final nos hace hip\u00f3critas y, sin que nos demos cuenta, termina en una forma de letargo espiritual que hace insensible el \u00e1nimo y est\u00e9ril la vida.<\/div>\n<div>\u00a0<\/div>\n<div>Hay gente que pasa por la vida, que va por la vida, sin notar las necesidades de los otros, sin ver tantas necesidades, espirituales y materiales, es gente que pasa sin vivir, es gente que no sirve a los otros. Y recuerden bien: quien no vive para servir, no sirve para vivir.<\/div>\n<div>\u00a0<\/div>\n<div>\u00a1Cu\u00e1ntos son los aspectos de la misericordia de Dios hacia nosotros! Del mismo modo, cu\u00e1ntos rostros se dirigen a nosotros para obtener misericordia. Quien ha experimentado en la propia vida la misericordia del Padre no puede permanecer insensible frente a las necesidades de los hermanos.<\/div>\n<div>\u00a0<\/div>\n<div>La ense\u00f1anza de Jes\u00fas que hemos escuchado no permite v\u00edas de escape: Ten\u00eda hambre y ustedes me dieron de comer; tuve sed, y me dieron de beber; estaba desnudo, pr\u00f3fugo, enfermo, preso y me han ayudado (cfr Mt 25,35-36).<\/div>\n<div>\u00a0<\/div>\n<div>No se puede hacer esperar a una persona que tiene hambre: es necesario darle de comer. Jes\u00fas nos dice esto. Las obras de misericordia no son temas te\u00f3ricos, sino que son testimonios concretos. Obligan a remangarse las mangas para aliviar el sufrimiento.<\/div>\n<div>\u00a0<\/div>\n<div>A causa de los cambios de nuestro mundo globalizado, algunas pobrezas materiales y espirituales se han multiplicado: demos, pues, espacio a la fantas\u00eda de la caridad para individuar nuevas modalidades operativas. De este modo, el camino de la misericordia ser\u00e1 siempre m\u00e1s concreto.<\/div>\n<div>\u00a0<\/div>\n<div>A nosotros, por lo tanto, se nos pide permanecer vigilantes como centinelas, para que no suceda que, frente a las pobrezas producidas por la cultura del bienestar, la mirada de los cristianos se debilite y sea incapaz de mirar lo esencial.<\/div>\n<div>\u00a0<\/div>\n<div>Mirar lo esencial \u00bfqu\u00e9 significa? Mirar a Jes\u00fas. Mirar a Jes\u00fas en el hambriento, en el preso, en el enfermo, en el desnudo, en aquel que no tiene trabajo y debe mantener a una familia. Mirar a Jes\u00fas en estos hermanos y hermanas nuestros. Mirar a Jes\u00fas en aquel que est\u00e1 solo, triste, en aquel que se equivoca y necesita un consejo, en aquel que necesita hacer un camino en silencio para que se sienta en compa\u00f1\u00eda.<\/div>\n<div>\u00a0<\/div>\n<div>Estas son las obras que Jes\u00fas nos pide. Mirar a Jes\u00fas en ellos, en esta gente. \u00bfPor qu\u00e9? Porque Jes\u00fas a m\u00ed, a todos nosotros, nos mira as\u00ed.<\/div>\n<div>\u00a0<\/div>\n<div>Ahora pasamos a otra cosa\u2026<\/div>\n<div>\u00a0<\/div>\n<div>Hace unos d\u00edas el Se\u00f1or me ha concedido visitar Armenia, la primera naci\u00f3n que abraz\u00f3 el cristianismo, al inicio del siglo IV. Un pueblo que, en el curso de su larga historia, ha testimoniado la fe cristiana con el martirio.<\/div>\n<div>\u00a0<\/div>\n<div>Doy gracias a Dios por este viaje, y estoy vivamente agradecido al Presidente de la Rep\u00fablica de Armenia, al Catholic\u00f3s Karekin II, al Patriarca, a los Obispos Cat\u00f3licos y a todo el pueblo armenio por haberme acogido como peregrino de fraternidad y de paz.<\/div>\n<div>\u00a0<\/div>\n<div>Dentro de tres meses har\u00e9, si Dios quiere, otro viaje a Georgia y Azerbaiy\u00e1n, otros dos pa\u00edses de la regi\u00f3n del C\u00e1ucaso.<\/div>\n<div>\u00a0<\/div>\n<div>He recibido la invitaci\u00f3n a visitar estos pa\u00edses por dos motivos: por una parte valorizar las antiguas ra\u00edces cristianas presentes en aquellas tierras \u2013siempre en esp\u00edritu de di\u00e1logo con las otras religiones y culturas\u2013 y por otra parte, animar esperanzas y senderos de paz.<\/div>\n<div>\u00a0<\/div>\n<div>La historia nos ense\u00f1a que el camino de la paz requiere una gran tenacidad y continuos pasos, comenzando por aquellos peque\u00f1os y poco a poco haci\u00e9ndoles crecer, yendo el uno al encuentro del otro. Precisamente por esto, mi deseo es que todos y cada uno den su propia contribuci\u00f3n para la paz y la reconciliaci\u00f3n.<\/div>\n<div>\u00a0<\/div>\n<div>Como cristianos estamos llamados a reforzar entre nosotros la comuni\u00f3n fraterna, para dar testimonio del Evangelio de Cristo y para ser levadura de una sociedad m\u00e1s justa y solidaria. Por esto, toda la visita ha sido compartida con el Supremo Patriarca de la Iglesia Apost\u00f3lica Armenia, quien fraternamente me ha hospedado por tres d\u00edas en su casa.<\/div>\n<div>\u00a0<\/div>\n<div>Renuevo mi abrazo a los o, a los sacerdotes, a las religiosas y a los religiosos y a todos los fieles en Armenia. La Virgen Mar\u00eda, nuestra Madre, los ayude a permanecer firmes en la fe, abiertos al encuentro y generosos en las obras de misericordia. Gracias.<\/div>\n<div>\u00a0<\/div>\n<div>Fuente: perucatolico.com<\/div>\n<p><a href=\"http:\/\/web.hilo.org.pe\/wp-content\/uploads\/Papafrancisco.jpg\" target=\"_blank\" rel=\"noopener\">Ver archivo adjunto<\/a><\/p>\n","protected":false},"excerpt":{"rendered":"<p>Queridos hermanos y hermanas ?buenos d?as!<\/p>\n<p>?Cu?ntas veces, durante estos primeros meses del Jubileo, hemos escuchado hablar de las obras de misericordia! Hoy el Se?or nos invita a hacer un serio examen de conciencia.<\/p>\n","protected":false},"author":1,"featured_media":7855,"comment_status":"closed","ping_status":"closed","sticky":false,"template":"","format":"standard","meta":{"footnotes":""},"categories":[9],"tags":[],"class_list":["post-2841","post","type-post","status-publish","format-standard","has-post-thumbnail","hentry","category-noticias"],"_links":{"self":[{"href":"https:\/\/ceas.org.pe\/index.php\/wp-json\/wp\/v2\/posts\/2841","targetHints":{"allow":["GET"]}}],"collection":[{"href":"https:\/\/ceas.org.pe\/index.php\/wp-json\/wp\/v2\/posts"}],"about":[{"href":"https:\/\/ceas.org.pe\/index.php\/wp-json\/wp\/v2\/types\/post"}],"author":[{"embeddable":true,"href":"https:\/\/ceas.org.pe\/index.php\/wp-json\/wp\/v2\/users\/1"}],"replies":[{"embeddable":true,"href":"https:\/\/ceas.org.pe\/index.php\/wp-json\/wp\/v2\/comments?post=2841"}],"version-history":[{"count":1,"href":"https:\/\/ceas.org.pe\/index.php\/wp-json\/wp\/v2\/posts\/2841\/revisions"}],"predecessor-version":[{"id":6377,"href":"https:\/\/ceas.org.pe\/index.php\/wp-json\/wp\/v2\/posts\/2841\/revisions\/6377"}],"wp:featuredmedia":[{"embeddable":true,"href":"https:\/\/ceas.org.pe\/index.php\/wp-json\/wp\/v2\/media\/7855"}],"wp:attachment":[{"href":"https:\/\/ceas.org.pe\/index.php\/wp-json\/wp\/v2\/media?parent=2841"}],"wp:term":[{"taxonomy":"category","embeddable":true,"href":"https:\/\/ceas.org.pe\/index.php\/wp-json\/wp\/v2\/categories?post=2841"},{"taxonomy":"post_tag","embeddable":true,"href":"https:\/\/ceas.org.pe\/index.php\/wp-json\/wp\/v2\/tags?post=2841"}],"curies":[{"name":"wp","href":"https:\/\/api.w.org\/{rel}","templated":true}]}}