{"id":2840,"date":"2016-06-28T18:47:54","date_gmt":"2016-06-28T18:47:54","guid":{"rendered":""},"modified":"2026-03-11T09:12:02","modified_gmt":"2026-03-11T14:12:02","slug":"francisco-agradecio-a-benedicto-xvi-por-su-testimonio-al-cumplir-65-aoos-de-ordenacion-sacerdotal","status":"publish","type":"post","link":"https:\/\/ceas.org.pe\/index.php\/2016\/06\/28\/francisco-agradecio-a-benedicto-xvi-por-su-testimonio-al-cumplir-65-aoos-de-ordenacion-sacerdotal\/","title":{"rendered":"Francisco agradeci\u00f3 a Benedicto XVI por su testimonio al cumplir 65 a\u00f3os de ordenaci\u00f3n sacerdotal"},"content":{"rendered":"<p>El papa em\u00e9rito Benedicto XVI cumple ma\u00f1ana 65 a\u00f1os de sacerdocio, motivo por el cual el santo padre Francisco ha querido participar hoy en el homenaje que se ha celebrado en el Vaticano, en la Sala Clementina del Palacio Apost\u00f3lico.<\/p>\n<div>\u00a0<\/div>\n<div>Adem\u00e1s del homenajeado participaron tambi\u00e9n diversos cardenales, entre los cuales Gerhard M\u00fcller, responsable de la edici\u00f3n de la Opera omnia de Joseph Ratzinger y el Card. Angelo Sodano, decano del Colegio Cardenalicio. El coro pontificio de la Capilla Sixtina estuvo tambi\u00e9n en el evento, entonando diversos cantos polif\u00f3nicos<\/div>\n<div>\u00a0<\/div>\n<div>El papa Francisco en su discurso ha recordado la pregunta de Jes\u00fas a Pedro: \u2018\u00bfMe amas?\u2019. As\u00ed, ha querido citar una reflexi\u00f3n de Benedicto XVI, en la que indica que en ese \u2018me amas\u2019 se funda la misi\u00f3n que Jes\u00fas da de pastorear el reba\u00f1o.<\/div>\n<div>\u00a0<\/div>\n<div>Se\u00f1al\u00f3 tambi\u00e9n que el Monasterio de Mater Ecclesiae no es un lugar de la cultura del descarte donde se env\u00eda a quienes no tienen m\u00e1s fuerzas, sino un sitio del cual se irradia tranquilidad, fuerza, confianza, madurez, una fe, una dedicaci\u00f3n y una fidelidad \u201cque me hacen tanto bien y me dan fuerza, as\u00ed como a toda la Iglesia\u201d. Y Francisco concluy\u00f3 refiri\u00e9ndose al papa em\u00e9rito y afirmando que esta \u201ces la nota que domina una vida entera entregada al servicio sacerdotal y la teolog\u00eda, que no por casualidad usted ha definido como \u2018la b\u00fasqueda del amado\u2019\u201d. Sobre la cual, concluy\u00f3 Francisco, \u201custed siempre ha dado testimonio y da testimonio a\u00fan hoy en d\u00eda\u201d.<\/div>\n<div>\u00a0<\/div>\n<div>Palabras del papa Francisco:<\/div>\n<div>\u00a0<\/div>\n<div>\u00abSantidad, hoy festejamos la historia de una llamada que inici\u00f3 hace 65 a\u00f1os con su ordenaci\u00f3n sacerdotal el 29 de junio de 1951 en la catedral de Freising. \u00bfPero cu\u00e1l es la nota de fondo que recorre esta larga historia y que desde el primer inicio hasta hoy la domina cada vez m\u00e1s?<\/div>\n<div>\u00a0<\/div>\n<div>El Coro Pontificio de la Capilla Sixtina ha entonado varios cantos durante la ceremonia<\/div>\n<div>En una de las tantas hermosas p\u00e1ginas que usted le dedica al sacerdocio, subraya c\u00f3mo en la hora de la llamada definitiva de Sim\u00f3n, Jes\u00fas mir\u00e1ndolo en profundidad le pregunta una sola cosa: \u2018\u00bfMe amas?\u2019.<\/div>\n<div>\u00a0<\/div>\n<div>\u00a1Que bello y verdadero es esto! Porque es aqu\u00ed \u2013usted dice\u2013 es en aquel \u2018me amas\u2019 que el Se\u00f1or fundamenta su pastoreo, porque solo si hay amor por el Se\u00f1or, \u00c9l puede realizar el pastoreo a trav\u00e9s de nosotros: \u2018Se\u00f1or t\u00fa sabes que te amo\u2019.<\/div>\n<div>\u00a0<\/div>\n<div>Es esta la nota que domina una vida intensa empleada en el servicio sacerdotal y a favor de una verdadera teolog\u00eda que Ud. no por casualidad ha definido como \u2018la receta del amado\u2019; sobre esto usted siempre ha dado testimonio y testimonia todav\u00eda hoy: que la cosa decisiva en nuestras jornadas \u2013de sol o de lluvia\u2013 aquello con la cual solamente viene todo el resto, es que el Se\u00f1or est\u00e9 verdaderamente presente, que lo deseamos, que interiormente estamos cerca de \u00c9l, que lo amamos, que realmente creemos profundamente en \u00c9l y creyendo lo amamos realmente.<\/div>\n<div>\u00a0<\/div>\n<div>Es este amar que verdaderamente nos llena el coraz\u00f3n, este creer es aquello que nos hace caminar seguros y tranquilos sobre las aguas, tambi\u00e9n en medio de la tempestad, justamente como sucedi\u00f3 con Pedro. Este amar y este creer es lo que nos permite amar al futuro no con miedo o nostalgia, sino con alegr\u00eda, tambi\u00e9n en los a\u00f1os avanzados de nuestra vida.<\/div>\n<div>\u00a0<\/div>\n<div>Y as\u00ed, justamente viviendo y dando testimonio hoy de manera tan intensa y luminosa esta \u00fanica cosa verdaderamente decisiva -tener los ojos y el coraz\u00f3n dirigido a Dios- usted santidad sigue sirviendo a la Iglesia, no deja de contribuir realmente con vigor y sabidur\u00eda a su crecimiento; y lo hace desde aquel peque\u00f1o monasterio Mater Ecclesiae, en el Vaticano, que se revela as\u00ed ser algo muy diverso que uno de esos rincones olvidados en la cual la cultura del descarte de hoy tiende a relegar a las personas cuando debido a la edad, las fuerzas faltan.<\/div>\n<div>\u00a0<\/div>\n<div>Es todo lo contrario. Y permita que lo diga con fuerza su sucesor \u00a1que ha elegido llamarse Francisco! Porque el camino espiritual de san Francisco inici\u00f3 en San Dami\u00e1n, pero el verdadero lugar amado, el coraz\u00f3n palpitante de la Orden, all\u00ed donde la fund\u00f3 y donde al final de cuentas entreg\u00f3 su vida a Dios fue en la Porzi\u00fancola, la \u2018peque\u00f1a porci\u00f3n\u2019, el rinc\u00f3n junto a la Madre Iglesia; junto a Mar\u00eda que, por su fe as\u00ed firme y por su vivir as\u00ed enteramente el amor y en el amor con el Se\u00f1or, todas las generaciones la llamaron bienaventurada.<\/div>\n<div>\u00a0<\/div>\n<div>As\u00ed la providencia, quiso que usted, querido hermano, llegara a un lugar por as\u00ed decir propiamente \u2018franciscano\u2019 del cual se irradia tranquilidad, paz, fuerza, confianza, madurez, una fe, una dedicaci\u00f3n y una fidelidad que me hacen tanto bien y me dan fuerza as\u00ed como a toda la Iglesia, as\u00ed como y un sano y alegre sentido del humor.<\/div>\n<div>\u00a0<\/div>\n<div>El deseo con el cual quiero concluir es por lo tanto un deseo que dirijo a usted junto a todos nosotros y a la Iglesia entera: que usted, santidad, pueda continuar sintiendo que la mano del Dios misericordioso la sostiene, que pueda sentir y darnos testimonio del amor de Dios; que con Pedro y Pablo pueda continuar a exultar con gran alegr\u00eda mientras camina hacia la meta de la fe\u00bb.<\/div>\n<div>\u00a0<\/div>\n<div>Concluidas las palabras del Santo Padre, Benedicto XVI record\u00f3 que \u201chace 65 a\u00f1os, un hermano ordenado junto a mi decidi\u00f3 escribir sobre la estampa de recuerdo de su primera misa \u00a0una palabra en griego: Eukaristomen\u201d que significa celebrar y vivir el misterio eucar\u00edstico. Y a\u00f1adi\u00f3: \u201cEstoy convencido que con esta palabra en sus diversas dimensiones se diga todo lo que se puede decir en este momento\u201d, y agradeci\u00f3 a todos los presentes por este sentido homenaje.<\/div>\n<div>\u00a0<\/div>\n<div>Fuente: zenit.org<\/div>\n<p><a href=\"http:\/\/web.hilo.org.pe\/wp-content\/uploads\/Francisco agradece a Benedicto XVI su testimonio de fe.jpg\" target=\"_blank\" rel=\"noopener\">Ver archivo adjunto<\/a><\/p>\n","protected":false},"excerpt":{"rendered":"<p>El papa em?rito Benedicto XVI cumple ma?ana 65 a?os de sacerdocio, motivo por el cual el santo padre Francisco ha querido participar hoy en el homenaje que se ha celebrado en el Vaticano, en la Sala Clementina del Palacio Apost?lico.<\/p>\n","protected":false},"author":1,"featured_media":7855,"comment_status":"closed","ping_status":"closed","sticky":false,"template":"","format":"standard","meta":{"footnotes":""},"categories":[9],"tags":[],"class_list":["post-2840","post","type-post","status-publish","format-standard","has-post-thumbnail","hentry","category-noticias"],"_links":{"self":[{"href":"https:\/\/ceas.org.pe\/index.php\/wp-json\/wp\/v2\/posts\/2840","targetHints":{"allow":["GET"]}}],"collection":[{"href":"https:\/\/ceas.org.pe\/index.php\/wp-json\/wp\/v2\/posts"}],"about":[{"href":"https:\/\/ceas.org.pe\/index.php\/wp-json\/wp\/v2\/types\/post"}],"author":[{"embeddable":true,"href":"https:\/\/ceas.org.pe\/index.php\/wp-json\/wp\/v2\/users\/1"}],"replies":[{"embeddable":true,"href":"https:\/\/ceas.org.pe\/index.php\/wp-json\/wp\/v2\/comments?post=2840"}],"version-history":[{"count":1,"href":"https:\/\/ceas.org.pe\/index.php\/wp-json\/wp\/v2\/posts\/2840\/revisions"}],"predecessor-version":[{"id":6378,"href":"https:\/\/ceas.org.pe\/index.php\/wp-json\/wp\/v2\/posts\/2840\/revisions\/6378"}],"wp:featuredmedia":[{"embeddable":true,"href":"https:\/\/ceas.org.pe\/index.php\/wp-json\/wp\/v2\/media\/7855"}],"wp:attachment":[{"href":"https:\/\/ceas.org.pe\/index.php\/wp-json\/wp\/v2\/media?parent=2840"}],"wp:term":[{"taxonomy":"category","embeddable":true,"href":"https:\/\/ceas.org.pe\/index.php\/wp-json\/wp\/v2\/categories?post=2840"},{"taxonomy":"post_tag","embeddable":true,"href":"https:\/\/ceas.org.pe\/index.php\/wp-json\/wp\/v2\/tags?post=2840"}],"curies":[{"name":"wp","href":"https:\/\/api.w.org\/{rel}","templated":true}]}}