{"id":2837,"date":"2016-06-27T17:58:59","date_gmt":"2016-06-27T17:58:59","guid":{"rendered":""},"modified":"2026-03-11T09:12:02","modified_gmt":"2026-03-11T14:12:02","slug":"coritas-espaoola-recibe-reconocimiento-de-coritas-del-pero","status":"publish","type":"post","link":"https:\/\/ceas.org.pe\/index.php\/2016\/06\/27\/coritas-espaoola-recibe-reconocimiento-de-coritas-del-pero\/","title":{"rendered":"C\u00f3ritas Espa\u00f3ola recibe reconocimiento de C\u00f3ritas del Per\u00f3"},"content":{"rendered":"<p>En el marco del 60 aniversario de C\u00e1ritas del Per\u00fa, C\u00e1ritas Espa\u00f1ola \u00a0recibi\u00f3 un reconocimiento por su compromiso por mejorar la calidad de vida de miles de familias peruanas, a trav\u00e9s de los programas y proyectos de desarrollo humano integral que promueven.<\/p>\n<div>\u00a0<\/div>\n<div>El responsable de los proyectos en Per\u00fa del \u00c1rea de Cooperaci\u00f3n Internacional Am\u00e9rica Latina y Caribe de Caritas Espa\u00f1ola, Fernando Foncillas recibi\u00f3 este reconocimiento del Secretario General de C\u00e1ritas del Per\u00fa, Ing. Ramiro Mendoza Medina, la Jefa de Cooperaci\u00f3n, Jenifer Bonilla y la Responsable de Imagen Institucional, Karla Auza, durante su visita al Per\u00fa.<\/div>\n<div>\u00a0<\/div>\n<div>Fernando Foncillas agradeci\u00f3 este reconocimiento manifestando su alegr\u00eda por acompa\u00f1ar a C\u00e1ritas del Per\u00fa en estos procesos de desarrollo para las personas m\u00e1s pobres y vulnerables del pa\u00eds.\u00a0<\/div>\n<div>\u00a0<\/div>\n<div>C\u00e1ritas Espa\u00f1ola desde hace 15 a\u00f1os ha apoyado a nuestro pa\u00eds. El caso m\u00e1s emblem\u00e1tico fue su apoyo en el a\u00f1o 2007, a ra\u00edz del terremoto ocurrido en el sur del Per\u00fa, gestionando m\u00e1s de 5 millones de euros en la implementaci\u00f3n de proyectos de emergencia y reconstrucci\u00f3n.<\/div>\n<div>\u00a0<\/div>\n<div>Adem\u00e1s, C\u00e1ritas Espa\u00f1ola ha canalizado fondos para la implementaci\u00f3n de proyectos de desarrollo en temas de salud y nutrici\u00f3n infantil, educaci\u00f3n y desarrollo econ\u00f3mico productivo.\u00a0<\/div>\n<div>\u00a0<\/div>\n<div>En la actualidad, Caritas Espa\u00f1ola financia 4 proyectos de desarrollo humano integral que ejecuta C\u00e1ritas del Per\u00fa junto a las C\u00e1ritas Diocesanas. Son los siguientes:\u00a0<\/div>\n<div>\u00a0<\/div>\n<div>&#8211; Negocios Inclusivos para Micro y Peque\u00f1os Productores Agropecuarios.<\/div>\n<div>&#8211; Mejora de la Seguridad Alimentaria de las familias de 4 distritos de la provincia de &#8211; &#8211; &#8211; -Castrovirreyna Huancavelica, promoviendo cadenas de valor de l\u00e1cteos y productos agr\u00edcolas.<\/div>\n<div>&#8211; Desarrollo agropecuario y medioambiental para mejorar la seguridad alimentaria y adecuarse y mitigar los efectos del Cambio Clim\u00e1tico en el distrito de Ccatcca, provincia Quispicanchis. Cusco- Per\u00fa.<\/div>\n<div>&#8211; Fortalecimiento institucional de la Red C\u00e1ritas del Per\u00fa.<\/div>\n<div>\u00a0<\/div>\n<div>Fuente: caritas.org.pe<\/div>\n<p><a href=\"http:\/\/web.hilo.org.pe\/wp-content\/uploads\/20160627_Caritasespanola.jpg\" target=\"_blank\" rel=\"noopener\">Ver archivo adjunto<\/a><\/p>\n","protected":false},"excerpt":{"rendered":"<p>En el marco del 60 aniversario de C?ritas del Per?, C?ritas Espa?ola  recibi? un reconocimiento por su compromiso por mejorar la calidad de vida de miles de familias peruanas, a trav?s de los programas y proyectos de desarrollo humano integral que promueven.<\/p>\n","protected":false},"author":1,"featured_media":7859,"comment_status":"closed","ping_status":"closed","sticky":false,"template":"","format":"standard","meta":{"footnotes":""},"categories":[9],"tags":[],"class_list":["post-2837","post","type-post","status-publish","format-standard","has-post-thumbnail","hentry","category-noticias"],"_links":{"self":[{"href":"https:\/\/ceas.org.pe\/index.php\/wp-json\/wp\/v2\/posts\/2837","targetHints":{"allow":["GET"]}}],"collection":[{"href":"https:\/\/ceas.org.pe\/index.php\/wp-json\/wp\/v2\/posts"}],"about":[{"href":"https:\/\/ceas.org.pe\/index.php\/wp-json\/wp\/v2\/types\/post"}],"author":[{"embeddable":true,"href":"https:\/\/ceas.org.pe\/index.php\/wp-json\/wp\/v2\/users\/1"}],"replies":[{"embeddable":true,"href":"https:\/\/ceas.org.pe\/index.php\/wp-json\/wp\/v2\/comments?post=2837"}],"version-history":[{"count":1,"href":"https:\/\/ceas.org.pe\/index.php\/wp-json\/wp\/v2\/posts\/2837\/revisions"}],"predecessor-version":[{"id":6381,"href":"https:\/\/ceas.org.pe\/index.php\/wp-json\/wp\/v2\/posts\/2837\/revisions\/6381"}],"wp:featuredmedia":[{"embeddable":true,"href":"https:\/\/ceas.org.pe\/index.php\/wp-json\/wp\/v2\/media\/7859"}],"wp:attachment":[{"href":"https:\/\/ceas.org.pe\/index.php\/wp-json\/wp\/v2\/media?parent=2837"}],"wp:term":[{"taxonomy":"category","embeddable":true,"href":"https:\/\/ceas.org.pe\/index.php\/wp-json\/wp\/v2\/categories?post=2837"},{"taxonomy":"post_tag","embeddable":true,"href":"https:\/\/ceas.org.pe\/index.php\/wp-json\/wp\/v2\/tags?post=2837"}],"curies":[{"name":"wp","href":"https:\/\/api.w.org\/{rel}","templated":true}]}}