{"id":2836,"date":"2016-06-24T11:07:00","date_gmt":"2016-06-24T11:07:00","guid":{"rendered":""},"modified":"2026-03-11T09:12:02","modified_gmt":"2026-03-11T14:12:02","slug":"papa-francisco-inicia-su-viaje-a-armenia","status":"publish","type":"post","link":"https:\/\/ceas.org.pe\/index.php\/2016\/06\/24\/papa-francisco-inicia-su-viaje-a-armenia\/","title":{"rendered":"Papa Francisco inicia su viaje a Armenia"},"content":{"rendered":"<p>El papa Francisco, con un ligero retraso de veinte minutos, ha iniciado el 14\u00ba viaje internacional de su pontificado, que supone adem\u00e1s el 22\u00ba pa\u00eds que visita desde que fue elegido sucesor de Pedro. Este pa\u00eds se considera \u201cel primer pa\u00eds cristiano\u201d ya que en el a\u00f1o 301, gracias a San Gregorio el Iluminador, fue el primero en adoptar el cristianismo como religi\u00f3n oficial.<\/p>\n<div>\u00a0<\/div>\n<div>Desde el aeropuerto romano de Fiumicino, ha comenzado un viaje que durar\u00e1 cuatro horas y en el que sobrevolar\u00e1 Italia, Croacia, Bosnia Herzegovina, Montenegro, Serbia, Bulgaria, Turqu\u00eda y finalmente Armenia. Francisco aterrizar\u00e1 en la capital, Erev\u00e1n. \u00a0<\/div>\n<div>\u00a0<\/div>\n<div>Como es habitual en los viajes, en el s\u00e9quito papal le acompa\u00f1an el secretario de Estado, el cardenal Pietro Parolin; el sustituto monse\u00f1or Angelo Becciu; y el prefecto de la Casa Pontificia, monse\u00f1or Georg Ganswein entre otros. Y siguiendo la tradici\u00f3n, tambi\u00e9n acompa\u00f1a a Francisco un laico trabajador de la Santa Sede, que en esta ocasi\u00f3n se trata de un empleado de la Biblioteca Apost\u00f3lica. \u00a0<\/div>\n<div>\u00a0<\/div>\n<div>El Santo Padre, a su llegada al aeropuerto \u201cZvartnots\u201d de Erev\u00e1n ser\u00e1 acogido por numerosas autoridades, entre ellos el presidente de la Rep\u00fablica, Serzh Sargsyan, obispos de la Iglesia Apost\u00f3lica y de la Iglesia Cat\u00f3lica. En Armenia, Francisco estar\u00e1 un total de 52 horas en las que pronunciar\u00e1 4 discursos y una homil\u00eda, aunque asistir\u00e1 a un total de 16 eventos.<\/div>\n<div>\u00a0<\/div>\n<div>Adem\u00e1s el viaje de este fin de semana se debe considerar la primera etapa del \u2018viaje al C\u00e1ucaso\u2019, cuya segunda parte ser\u00e1 del 30 de septiembre al 2 de octubre, en Georgia y Azerbaiy\u00e1n.<\/div>\n<div>\u00a0<\/div>\n<div>\u201cVisita al primer pa\u00eds cristiano\u201d, son las palabras elegidas para el lema de este viaje. El logo realizado es un sello redondo dividido por la mitad con los colores de las dos iglesias: morada por la Apost\u00f3lica Armenia, amarilla por la Iglesia Cat\u00f3lica de Roma. Las dos mitades est\u00e1n unidas por una corona blanca que completa as\u00ed los colores de la Santa Sede. En el fondo se ven las im\u00e1genes de monasterio de Khor Virap y el monte Ararat al fondo. Ambos son considerados s\u00edmbolos fundamentales de la naci\u00f3n. El monasterio est\u00e1 en el lugar donde estuvo prisionero san Gregorio durante 14 a\u00f1os y el monte Ararat es el lugar donde, en la Biblia, el Arca de No\u00e9 se detuvo una vez que termin\u00f3 el diluvio universal.<\/div>\n<div>\u00a0<\/div>\n<div>Se trata de la segunda oportunidad en la que un Papa visita Armenia. La anterior fue en 2001, cuando san Juan Pablo II lleg\u00f3 hasta Erev\u00e1n para la celebraci\u00f3n de los 1700 a\u00f1os de cristianismo en Armenia. En ese viaje, en una declaraci\u00f3n conjunta firmada con \u00a0Karekin II, patriarca de la Iglesia Apost\u00f3lica Armenia, el Papa polaco utiliz\u00f3 la palabra \u2018genocidio\u2019 para referirse a la matanza del imperio otomano, que Turqu\u00eda a\u00fan no reconoce. De este modo, asegur\u00f3 que \u201cel exterminio de un mill\u00f3n y medio de cristianos armenios, en lo que se considera generalmente como el primer genocidio del siglo XX, y la siguiente aniquilaci\u00f3n de miles bajo el antiguo r\u00e9gimen totalitario, son tragedias que todav\u00eda perduran en la memoria de la generaci\u00f3n actual\u201d.<\/div>\n<div>\u00a0<\/div>\n<div>Tambi\u00e9n se refiri\u00f3 a genocidio el papa Francisco en abril del a\u00f1o pasado en la bas\u00edlica de San Pedro, con ocasi\u00f3n de la conmemoraci\u00f3n del centenario de este dram\u00e1tico acontecimiento hist\u00f3rico. Que un Pont\u00edfice hablara nuevamente de la \u201cprimera matanza del siglo XX\u201d provoc\u00f3 la reacci\u00f3n de disconformidad del presidente turco, Recep Tayyip Erdogan.<\/div>\n<div>\u00a0<\/div>\n<div>Armenia tiene una poblaci\u00f3n de 2.914.000 habitantes, de los que 280 mil son cat\u00f3licos, es decir, el 9,6 por ciento de la poblaci\u00f3n. Hay una circunscripci\u00f3n eclesi\u00e1stica y 20 parroquias. Actualmente hay 3 obispos, 27 sacerdotes, 2 religiosos y 20 \u00a0religiosas. Los seminaristas son 69. La Iglesia cuenta con 1 centro de educaci\u00f3n cat\u00f3lica. Por lo que concierne a los centros caritativos y sociales de propiedad de la Iglesia o que son dirigidos por eclesi\u00e1sticos o religiosos, en Armenia hay un hospital, 20 ambulatorios, 5 hogares para ancianos, inv\u00e1lidos o discapacitados y 3 instituciones de otro tipo.<\/div>\n<div>\u00a0<\/div>\n<div>Fuente: zenit.org<\/div>\n<p><a href=\"http:\/\/web.hilo.org.pe\/wp-content\/uploads\/Francisco rumbo a Armenia.jpg\" target=\"_blank\" rel=\"noopener\">Ver archivo adjunto<\/a><\/p>\n","protected":false},"excerpt":{"rendered":"<p>El papa Francisco, con un ligero retraso de veinte minutos, ha iniciado el 14? viaje internacional de su pontificado, que supone adem?s el 22? pa?s que visita desde que fue elegido sucesor de Pedro. Este pa?s se considera ?el primer pa?s cristiano? ya que en el a?o 301, gracias a San Gregorio el Iluminador, fue el primero en adoptar el cristianismo como religi?n oficial.<\/p>\n","protected":false},"author":1,"featured_media":7855,"comment_status":"closed","ping_status":"closed","sticky":false,"template":"","format":"standard","meta":{"footnotes":""},"categories":[9],"tags":[],"class_list":["post-2836","post","type-post","status-publish","format-standard","has-post-thumbnail","hentry","category-noticias"],"_links":{"self":[{"href":"https:\/\/ceas.org.pe\/index.php\/wp-json\/wp\/v2\/posts\/2836","targetHints":{"allow":["GET"]}}],"collection":[{"href":"https:\/\/ceas.org.pe\/index.php\/wp-json\/wp\/v2\/posts"}],"about":[{"href":"https:\/\/ceas.org.pe\/index.php\/wp-json\/wp\/v2\/types\/post"}],"author":[{"embeddable":true,"href":"https:\/\/ceas.org.pe\/index.php\/wp-json\/wp\/v2\/users\/1"}],"replies":[{"embeddable":true,"href":"https:\/\/ceas.org.pe\/index.php\/wp-json\/wp\/v2\/comments?post=2836"}],"version-history":[{"count":1,"href":"https:\/\/ceas.org.pe\/index.php\/wp-json\/wp\/v2\/posts\/2836\/revisions"}],"predecessor-version":[{"id":6382,"href":"https:\/\/ceas.org.pe\/index.php\/wp-json\/wp\/v2\/posts\/2836\/revisions\/6382"}],"wp:featuredmedia":[{"embeddable":true,"href":"https:\/\/ceas.org.pe\/index.php\/wp-json\/wp\/v2\/media\/7855"}],"wp:attachment":[{"href":"https:\/\/ceas.org.pe\/index.php\/wp-json\/wp\/v2\/media?parent=2836"}],"wp:term":[{"taxonomy":"category","embeddable":true,"href":"https:\/\/ceas.org.pe\/index.php\/wp-json\/wp\/v2\/categories?post=2836"},{"taxonomy":"post_tag","embeddable":true,"href":"https:\/\/ceas.org.pe\/index.php\/wp-json\/wp\/v2\/tags?post=2836"}],"curies":[{"name":"wp","href":"https:\/\/api.w.org\/{rel}","templated":true}]}}