{"id":2835,"date":"2016-06-23T10:34:12","date_gmt":"2016-06-23T10:34:12","guid":{"rendered":""},"modified":"2026-03-11T09:12:02","modified_gmt":"2026-03-11T14:12:02","slug":"jornada-mundial-del-emigrante-y-del-refugiado-2017-esto-dedicado-a-los-nioos","status":"publish","type":"post","link":"https:\/\/ceas.org.pe\/index.php\/2016\/06\/23\/jornada-mundial-del-emigrante-y-del-refugiado-2017-esto-dedicado-a-los-nioos\/","title":{"rendered":"Jornada Mundial del Emigrante y del Refugiado 2017 est\u00f3 dedicado a los ni\u00f3os"},"content":{"rendered":"<p>\u201cMenores migrantes, vulnerables y sin voz\u201d es el tema elegido por el Papa Francisco para la Jornada Mundial del Emigrante y del Refugiado, a celebrarse el 15 de enero 2017.<\/p>\n<p>Con este tema el Santo Padre \u201cquiere focalizar la atenci\u00f3n en los m\u00e1s peque\u00f1os entre los peque\u00f1os\u201d, informa un comunicado del Pontificio Consejo de la Pastoral para los Migrantes e Itinerantes, subrayando adem\u00e1s que \u201cmuy a menudo, los ni\u00f1os llegan solos a los pa\u00edses de destinaci\u00f3n y no siendo capaces de hacer escuchar la propia voz se vuelven f\u00e1cilmente v\u00edctimas de graves violaciones de los derechos humanos\u201d.<\/p>\n<div>La nota explica asimismo que \u201cla migraci\u00f3n es un fen\u00f3meno mundial\u201d que afecta a todos los continentes y que \u201cno concierne exclusivamente a personas en busca de trabajo o de mejores condiciones de vida sino tambi\u00e9n a adultos y menores que huyen de verdaderas tragedias\u201d.<\/div>\n<div>\u00a0<\/div>\n<div>Pensando precisamente en ellos, en la catequesis de la audiencia general de este mi\u00e9rcoles 22 de junio, el Papa lanz\u00f3 un llamado contra la exclusi\u00f3n: \u201ctocar al pobre puede purificarnos de la hipocres\u00eda\u201d \u2013se escuch\u00f3 de sus labios. Luego se refiri\u00f3 a los refugiados. Un grupo procedente del \u00c1frica, invitado por el mismo Pont\u00edfice, se sent\u00f3 cerca de \u00e9l y Francisco no dud\u00f3 en decir:<\/div>\n<div>\u00a0<\/div>\n<div>\u201cHoy me acompa\u00f1an aqu\u00ed estos chicos. Muchos piensan que hubiera sido mejor que se quedaran en su tierra, pero all\u00ed sufr\u00edan tanto. Son \u2018nuestros refugiados\u2019 pero los consideramos excluidos. Por favor \u00a1son nuestros hermanos! El cristiano no excluye a nadie, da lugar a todos, deja venir a todos\u201d.<\/div>\n<div>\u00a0<\/div>\n<div>La celebraci\u00f3n de Jornada Mundial del Emigrante y del Refugiado tiene origen en la carta circular \u201cEl dolor y las preocupaciones\u201d que la Sagrada Congregaci\u00f3n Consistorial envi\u00f3 el 6 de diciembre de 1914 a los Ordinarios Diocesanos Italianos. En ella, se ped\u00eda por primera vez que se instituyera una jornada anual de sensibilizaci\u00f3n sobre el fen\u00f3meno de la migraci\u00f3n y tambi\u00e9n para promover una colecta a favor de las obras pastorales para los emigrantes italianos y para la formaci\u00f3n de los misioneros de emigraci\u00f3n. Como consecuencia de esta misiva el 21 de febrero de 1915 se celebr\u00f3 la primera Jornada Mundial del Emigrante y del Refugiado.<\/div>\n<div>\u00a0<\/div>\n<div>Fuente: Radio Vaticana<\/div>\n<p><a href=\"http:\/\/web.hilo.org.pe\/wp-content\/uploads\/emigrante.jpg\" target=\"_blank\" rel=\"noopener\">Ver archivo adjunto<\/a><\/p>\n","protected":false},"excerpt":{"rendered":"<p>?Menores migrantes, vulnerables y sin voz? es el tema elegido por el Papa Francisco para la Jornada Mundial del Emigrante y del Refugiado, a celebrarse el 15 de enero 2017.<\/p>\n","protected":false},"author":1,"featured_media":7928,"comment_status":"closed","ping_status":"closed","sticky":false,"template":"","format":"standard","meta":{"footnotes":""},"categories":[9],"tags":[],"class_list":["post-2835","post","type-post","status-publish","format-standard","has-post-thumbnail","hentry","category-noticias"],"_links":{"self":[{"href":"https:\/\/ceas.org.pe\/index.php\/wp-json\/wp\/v2\/posts\/2835","targetHints":{"allow":["GET"]}}],"collection":[{"href":"https:\/\/ceas.org.pe\/index.php\/wp-json\/wp\/v2\/posts"}],"about":[{"href":"https:\/\/ceas.org.pe\/index.php\/wp-json\/wp\/v2\/types\/post"}],"author":[{"embeddable":true,"href":"https:\/\/ceas.org.pe\/index.php\/wp-json\/wp\/v2\/users\/1"}],"replies":[{"embeddable":true,"href":"https:\/\/ceas.org.pe\/index.php\/wp-json\/wp\/v2\/comments?post=2835"}],"version-history":[{"count":1,"href":"https:\/\/ceas.org.pe\/index.php\/wp-json\/wp\/v2\/posts\/2835\/revisions"}],"predecessor-version":[{"id":6384,"href":"https:\/\/ceas.org.pe\/index.php\/wp-json\/wp\/v2\/posts\/2835\/revisions\/6384"}],"wp:featuredmedia":[{"embeddable":true,"href":"https:\/\/ceas.org.pe\/index.php\/wp-json\/wp\/v2\/media\/7928"}],"wp:attachment":[{"href":"https:\/\/ceas.org.pe\/index.php\/wp-json\/wp\/v2\/media?parent=2835"}],"wp:term":[{"taxonomy":"category","embeddable":true,"href":"https:\/\/ceas.org.pe\/index.php\/wp-json\/wp\/v2\/categories?post=2835"},{"taxonomy":"post_tag","embeddable":true,"href":"https:\/\/ceas.org.pe\/index.php\/wp-json\/wp\/v2\/tags?post=2835"}],"curies":[{"name":"wp","href":"https:\/\/api.w.org\/{rel}","templated":true}]}}