{"id":2834,"date":"2016-06-23T10:34:55","date_gmt":"2016-06-23T10:34:55","guid":{"rendered":""},"modified":"2026-03-11T09:12:02","modified_gmt":"2026-03-11T14:12:02","slug":"ola-pena-de-muerte-es-una-ofensa-a-la-inviolabilidad-de-la-vidao-afirma-el-papa","status":"publish","type":"post","link":"https:\/\/ceas.org.pe\/index.php\/2016\/06\/23\/ola-pena-de-muerte-es-una-ofensa-a-la-inviolabilidad-de-la-vidao-afirma-el-papa\/","title":{"rendered":"\u00f3La pena de muerte es una ofensa a la inviolabilidad de la vida\u00f3, afirma el Papa"},"content":{"rendered":"<p>\u201cDeseo hoy alentar a todos a trabajar no s\u00f3lo por la abolici\u00f3n de la pena de muerte, sino tambi\u00e9n por la mejora de las condiciones de reclusi\u00f3n, para que respeten plenamente la dignidad humana de las personas privadas de libertad\u201d, es el aliento del Papa Francisco a los participantes en el VI Congreso Mundial contra la Pena de Muerte que inici\u00f3 este 21 de junio en Oslo, Noruega.<\/p>\n<p>El Evento organizado por Ensemble contre la peine de mort, en colaboraci\u00f3n con la Coalici\u00f3n Mundial contra la Pena de Muerte tiene por objetivo \u201calcanzar y eliminar la obligatoriedad de la pena de muerte\u201d. Este congreso es el evento m\u00e1s importante sobre la pena de muerte, que reunir\u00e1 a m\u00e1s de 1500 participantes, entre los que se encuentran m\u00e1s de 30 ministros, 200 diplom\u00e1ticos, Premios Nobel de la Paz, parlamentarios, universitarios, abogados y defensores de los derechos humanos.\u00a0<\/p>\n<div>En su mensaje, el Santo Padre agradeci\u00f3 a todos aquellos que est\u00e1n comprometidos en construir un mundo libre de la pena de muerte, y asegura que: \u201cde hecho, hoy d\u00eda la pena de muerte es inadmisible, por cuanto grave haya sido el delito del condenado. Es una ofensa a la inviolabilidad de la vida y a la dignidad de la persona humana que contradice el designio de Dios sobre el hombre y la sociedad y su justicia misericordiosa, e impide cumplir con cualquier finalidad justa de las penas. Adem\u00e1s, se\u00f1ala el Papa que, no hace justicia a las v\u00edctimas, sino que fomenta la venganza\u201d.<\/div>\n<div>\u00a0<\/div>\n<div>En el marco del Jubileo Especial de la Misericordia, el Pont\u00edfice recuerda que es una ocasi\u00f3n propicia para promover en el mundo formas cada vez m\u00e1s maduras de respeto a la vida y la dignidad de cada persona. No hay que olvidar que el derecho inviolable a la vida, don de Dios, agrega el Papa, pertenece tambi\u00e9n al criminal. \u201cDeseo hoy alentar a todos a trabajar no s\u00f3lo por la abolici\u00f3n de la pena de muerte, concluye el Obispo de Roma, sino tambi\u00e9n por la mejora de las condiciones de reclusi\u00f3n, para que respeten plenamente la dignidad humana de las personas privadas de libertad\u201d. \u201cHacer justicia\u201d no significa que se deba buscar el castigo por s\u00ed mismo, sino que las penas tengan como finalidad fundamental la reeducaci\u00f3n del delincuente. Por ello, afirma el Papa, la cuesti\u00f3n debe ser encuadrada en la \u00f3ptica de una justicia penal que sea abierta a la esperanza de reinserci\u00f3n del culpable en la sociedad. \u00a1No hay pena v\u00e1lida sin esperanza!<\/div>\n<div>\u00a0<\/div>\n<div>Fuente: Radio Vaticana<\/div>\n<div>\u00a0<\/div>\n<p><a href=\"http:\/\/web.hilo.org.pe\/wp-content\/uploads\/Mensajepapapenademuerte.jpg\" target=\"_blank\" rel=\"noopener\">Ver archivo adjunto<\/a><\/p>\n","protected":false},"excerpt":{"rendered":"<p>\u00a0\u201cDeseo hoy alentar a todos a trabajar no s\u00f3lo por la abolici\u00f3n de la pena de muerte, sino tambi\u00e9n por la mejora de las condiciones de reclusi\u00f3n, para que respeten plenamente la dignidad humana de las personas privadas de libertad\u201d, es el aliento del Papa Francisco a los participantes en el VI Congreso Mundial contra la Pena de Muerte que inici\u00f3 este 21 de junio en Oslo, Noruega.<\/p>\n","protected":false},"author":1,"featured_media":7848,"comment_status":"closed","ping_status":"closed","sticky":false,"template":"","format":"standard","meta":{"footnotes":""},"categories":[9],"tags":[],"class_list":["post-2834","post","type-post","status-publish","format-standard","has-post-thumbnail","hentry","category-noticias"],"_links":{"self":[{"href":"https:\/\/ceas.org.pe\/index.php\/wp-json\/wp\/v2\/posts\/2834","targetHints":{"allow":["GET"]}}],"collection":[{"href":"https:\/\/ceas.org.pe\/index.php\/wp-json\/wp\/v2\/posts"}],"about":[{"href":"https:\/\/ceas.org.pe\/index.php\/wp-json\/wp\/v2\/types\/post"}],"author":[{"embeddable":true,"href":"https:\/\/ceas.org.pe\/index.php\/wp-json\/wp\/v2\/users\/1"}],"replies":[{"embeddable":true,"href":"https:\/\/ceas.org.pe\/index.php\/wp-json\/wp\/v2\/comments?post=2834"}],"version-history":[{"count":1,"href":"https:\/\/ceas.org.pe\/index.php\/wp-json\/wp\/v2\/posts\/2834\/revisions"}],"predecessor-version":[{"id":6383,"href":"https:\/\/ceas.org.pe\/index.php\/wp-json\/wp\/v2\/posts\/2834\/revisions\/6383"}],"wp:featuredmedia":[{"embeddable":true,"href":"https:\/\/ceas.org.pe\/index.php\/wp-json\/wp\/v2\/media\/7848"}],"wp:attachment":[{"href":"https:\/\/ceas.org.pe\/index.php\/wp-json\/wp\/v2\/media?parent=2834"}],"wp:term":[{"taxonomy":"category","embeddable":true,"href":"https:\/\/ceas.org.pe\/index.php\/wp-json\/wp\/v2\/categories?post=2834"},{"taxonomy":"post_tag","embeddable":true,"href":"https:\/\/ceas.org.pe\/index.php\/wp-json\/wp\/v2\/tags?post=2834"}],"curies":[{"name":"wp","href":"https:\/\/api.w.org\/{rel}","templated":true}]}}