{"id":2833,"date":"2016-06-22T18:00:46","date_gmt":"2016-06-22T18:00:46","guid":{"rendered":""},"modified":"2026-03-11T09:12:02","modified_gmt":"2026-03-11T14:12:02","slug":"domingo-26-colecta-del-obolo-de-san-pedro","status":"publish","type":"post","link":"https:\/\/ceas.org.pe\/index.php\/2016\/06\/22\/domingo-26-colecta-del-obolo-de-san-pedro\/","title":{"rendered":"Domingo 26: Colecta del \u00f3bolo de San Pedro"},"content":{"rendered":"<p>Este domingo 26 de junio se llevar\u00e1 a cabo en nuestro pa\u00eds la Colecta para la Caridad del Papa, tambi\u00e9n conocida como el \u201c\u00d3bolo de San Pedro\u201d, con la cual el Santo Padre ayuda a las personas que sufren las consecuencias de las guerras, las calamidades de la naturaleza, hambrunas, etc., a trav\u00e9s de las obras de caridad que atiende la Iglesia Cat\u00f3lica a nivel mundial, a favor de los m\u00e1s necesitados.<\/p>\n<div>\u00a0<\/div>\n<div>Desde hace m\u00e1s de dos d\u00e9cadas, la Delegaci\u00f3n Nacional del \u00d3bolo de San Pedro se encarga de animar, promover y anunciar a todo el Per\u00fa esta gran obra de caridad del Papa. Con el \u00d3bolo de San Pedro, el Santo Padre atienen innumerables solicitudes de ayuda en todo el mundo. Con estas donaciones, la Iglesia Cat\u00f3lica sostiene en todo el mundo: comedores, escuelas, centros para ni\u00f1os hu\u00e9rfanos, hospitales, casas de reposo para ancianos, entre otras obras de ayuda social. Por ello, este 26 de junio, respondamos generosamente con nuestro aporte econ\u00f3mico.<\/div>\n<div>\u00a0<\/div>\n<div>(Tomado del \u00a0facebook Conferencia Episcopal Peruana)<\/div>\n<p><a href=\"http:\/\/web.hilo.org.pe\/wp-content\/uploads\/Colecta.jpg\" target=\"_blank\" rel=\"noopener\">Ver archivo adjunto<\/a><\/p>\n","protected":false},"excerpt":{"rendered":"<p>Este domingo 26 de junio se llevar? a cabo en nuestro pa?s la Colecta para la Caridad del Papa, tambi?n conocida como el ??bolo de San Pedro?, con la cual el Santo Padre ayuda a las personas que sufren las consecuencias de las guerras, las calamidades de la naturaleza, hambrunas, etc., a trav?s de las obras de caridad que atiende la Iglesia Cat?lica a nivel mundial, a favor de los m?s necesitados.<\/p>\n","protected":false},"author":1,"featured_media":8070,"comment_status":"closed","ping_status":"closed","sticky":false,"template":"","format":"standard","meta":{"footnotes":""},"categories":[9],"tags":[],"class_list":["post-2833","post","type-post","status-publish","format-standard","has-post-thumbnail","hentry","category-noticias"],"_links":{"self":[{"href":"https:\/\/ceas.org.pe\/index.php\/wp-json\/wp\/v2\/posts\/2833","targetHints":{"allow":["GET"]}}],"collection":[{"href":"https:\/\/ceas.org.pe\/index.php\/wp-json\/wp\/v2\/posts"}],"about":[{"href":"https:\/\/ceas.org.pe\/index.php\/wp-json\/wp\/v2\/types\/post"}],"author":[{"embeddable":true,"href":"https:\/\/ceas.org.pe\/index.php\/wp-json\/wp\/v2\/users\/1"}],"replies":[{"embeddable":true,"href":"https:\/\/ceas.org.pe\/index.php\/wp-json\/wp\/v2\/comments?post=2833"}],"version-history":[{"count":1,"href":"https:\/\/ceas.org.pe\/index.php\/wp-json\/wp\/v2\/posts\/2833\/revisions"}],"predecessor-version":[{"id":6385,"href":"https:\/\/ceas.org.pe\/index.php\/wp-json\/wp\/v2\/posts\/2833\/revisions\/6385"}],"wp:featuredmedia":[{"embeddable":true,"href":"https:\/\/ceas.org.pe\/index.php\/wp-json\/wp\/v2\/media\/8070"}],"wp:attachment":[{"href":"https:\/\/ceas.org.pe\/index.php\/wp-json\/wp\/v2\/media?parent=2833"}],"wp:term":[{"taxonomy":"category","embeddable":true,"href":"https:\/\/ceas.org.pe\/index.php\/wp-json\/wp\/v2\/categories?post=2833"},{"taxonomy":"post_tag","embeddable":true,"href":"https:\/\/ceas.org.pe\/index.php\/wp-json\/wp\/v2\/tags?post=2833"}],"curies":[{"name":"wp","href":"https:\/\/api.w.org\/{rel}","templated":true}]}}