{"id":2830,"date":"2016-06-20T11:16:51","date_gmt":"2016-06-20T11:16:51","guid":{"rendered":""},"modified":"2026-03-11T09:12:02","modified_gmt":"2026-03-11T14:12:02","slug":"rostros-de-los-refugiados-llaman-a-renovar-compromiso-por-la-paz-dice-francisco","status":"publish","type":"post","link":"https:\/\/ceas.org.pe\/index.php\/2016\/06\/20\/rostros-de-los-refugiados-llaman-a-renovar-compromiso-por-la-paz-dice-francisco\/","title":{"rendered":"Rostros de los refugiados llaman a renovar compromiso por la paz, dice Francisco"},"content":{"rendered":"<p>\u00a0Al t\u00e9rmino del rezo del \u00c1ngelus dominical, el Papa Francisco record\u00f3 el drama de los miles de refugiados que huyen de las guerras y se\u00f1al\u00f3 que sus historias y rostros llaman a renovar \u201cel compromiso por construir la paz en la justicia\u201d.<\/p>\n<div>\u00a0<\/div>\n<div>El Santo Padre hizo este llamado en referencia a la Jornada Mundial del Refugiado promovida por las Naciones Unidas y que se celebrar\u00e1 ma\u00f1ana 20 de junio. El tema de este a\u00f1o es \u201cCon los refugiados. Nosotros estamos del lado de quienes est\u00e1n obligados a huir\u201d.<\/div>\n<div>\u00a0<\/div>\n<div>\u201cLos refugiados son personas como todas, pero a las cuales la guerra les ha quitado la casa, el trabajo, familiares, amigos. Sus historias y sus rostros nos llaman a renovar el compromiso por construir la paz en la justicia. Por esto queremos estar con ellos: encontrarlos, acogerlos, escucharlos, para convertirnos juntos en artesanos de paz seg\u00fan la voluntad de Dios\u201d, expres\u00f3 Francisco.<\/div>\n<div>\u00a0<\/div>\n<div>\u00a0<\/div>\n<div>El 13 de junio la Agencia de la ONU para los Refugiados (ACNUR), present\u00f3 el informe \u201cProyecci\u00f3n de las necesidades mundiales de reasentamiento en 2017\u201d.<\/div>\n<div>\u00a0<\/div>\n<div>El documento se\u00f1ala que m\u00e1s de 1,19 millones de personas desplazadas por la violencia deber\u00e1n ser reubicadas en un tercer pa\u00eds el pr\u00f3ximo a\u00f1o. Sin embargo, esta cifra supera ampliamente las cuotas ofrecidas por las naciones de acogida, pues seg\u00fan c\u00e1lculos de la ACNUR, s\u00f3lo 170.000 refugiados ser\u00e1n reubicados en 2017.<\/div>\n<div>\u00a0<\/div>\n<div>Para 2016 se espera concretar 143.000 reubicaciones, 9.000 m\u00e1s que 2015.<\/div>\n<div>\u00a0<\/div>\n<div>Asimismo, el informe recuerda que en 2014 las peticiones de reubicaci\u00f3n eran 691.000; pero para 2017 aumentar\u00e1 en un 72% debido a la guerra en Siria.<\/div>\n<div>\u00a0<\/div>\n<div>Las proyecciones del ACNUR indican que en 2017 los sirios supondr\u00e1n el 40% de refugiados, seguidos de los sudaneses (11%), afganos (10%) y los refugiados de la Rep\u00fablica Democr\u00e1tica del Congo (9%).<\/div>\n<div>\u00a0<\/div>\n<div>En 2015 los Estados Unidos aceptaron 82.491 solicitudes de reasentamiento (62% del total), seguidos por Canad\u00e1 (22.886), Australia (9.321), Noruega (3.806) y el Reino Unido (3.622).<\/div>\n<div>\u00a0<\/div>\n<div>El alto comisionado para los Refugiados, Filipo Grandi, dijo que \u201cestamos observando que el reasentamiento ha alcanzado nuevos niveles y que este aumento del reasentamiento puede constituir un medio efectivo para compartir las responsabilidades relativas a la protecci\u00f3n de los refugiados. Sin embargo, a\u00fan hay mucho por hacer para responder al actual aumento del n\u00famero de personas especialmente vulnerables\u201d.<\/div>\n<div>\u00a0<\/div>\n<div>Fuente: aciprensa.com<\/div>\n<p><a href=\"http:\/\/web.hilo.org.pe\/wp-content\/uploads\/Rostrosdelosrefugiados.jpg\" target=\"_blank\" rel=\"noopener\">Ver archivo adjunto<\/a><\/p>\n","protected":false},"excerpt":{"rendered":"<p>Al t?rmino del rezo del ?ngelus dominical, el Papa Francisco record? el drama de los miles de refugiados que huyen de las guerras y se?al? que sus historias y rostros llaman a renovar ?el compromiso por construir la paz en la justicia?.<\/p>\n","protected":false},"author":1,"featured_media":7855,"comment_status":"closed","ping_status":"closed","sticky":false,"template":"","format":"standard","meta":{"footnotes":""},"categories":[9],"tags":[],"class_list":["post-2830","post","type-post","status-publish","format-standard","has-post-thumbnail","hentry","category-noticias"],"_links":{"self":[{"href":"https:\/\/ceas.org.pe\/index.php\/wp-json\/wp\/v2\/posts\/2830","targetHints":{"allow":["GET"]}}],"collection":[{"href":"https:\/\/ceas.org.pe\/index.php\/wp-json\/wp\/v2\/posts"}],"about":[{"href":"https:\/\/ceas.org.pe\/index.php\/wp-json\/wp\/v2\/types\/post"}],"author":[{"embeddable":true,"href":"https:\/\/ceas.org.pe\/index.php\/wp-json\/wp\/v2\/users\/1"}],"replies":[{"embeddable":true,"href":"https:\/\/ceas.org.pe\/index.php\/wp-json\/wp\/v2\/comments?post=2830"}],"version-history":[{"count":1,"href":"https:\/\/ceas.org.pe\/index.php\/wp-json\/wp\/v2\/posts\/2830\/revisions"}],"predecessor-version":[{"id":6390,"href":"https:\/\/ceas.org.pe\/index.php\/wp-json\/wp\/v2\/posts\/2830\/revisions\/6390"}],"wp:featuredmedia":[{"embeddable":true,"href":"https:\/\/ceas.org.pe\/index.php\/wp-json\/wp\/v2\/media\/7855"}],"wp:attachment":[{"href":"https:\/\/ceas.org.pe\/index.php\/wp-json\/wp\/v2\/media?parent=2830"}],"wp:term":[{"taxonomy":"category","embeddable":true,"href":"https:\/\/ceas.org.pe\/index.php\/wp-json\/wp\/v2\/categories?post=2830"},{"taxonomy":"post_tag","embeddable":true,"href":"https:\/\/ceas.org.pe\/index.php\/wp-json\/wp\/v2\/tags?post=2830"}],"curies":[{"name":"wp","href":"https:\/\/api.w.org\/{rel}","templated":true}]}}