{"id":2829,"date":"2016-06-20T11:14:34","date_gmt":"2016-06-20T11:14:34","guid":{"rendered":""},"modified":"2026-03-11T09:12:03","modified_gmt":"2026-03-11T14:12:03","slug":"obispo-de-puno-fue-condecorado-por-el-congreso-de-la-repoblica","status":"publish","type":"post","link":"https:\/\/ceas.org.pe\/index.php\/2016\/06\/20\/obispo-de-puno-fue-condecorado-por-el-congreso-de-la-repoblica\/","title":{"rendered":"Obispo de Puno fue condecorado por el Congreso de la Rep\u00f3blica"},"content":{"rendered":"<p>Como reconocimiento a la labor pastoral que viene realizando, en bienestar de las poblaciones del altiplano, que se encuentran en situaci\u00f3n de pobreza y pobreza extrema, el Obispo de Puno, Monse\u00f1or Jorge Carri\u00f3n Pavlich, fue distinguido con el Diploma y Medalla de Honor del Congreso de la Rep\u00fablica, en una ceremonia realizada en el hemiciclo Ra\u00fal Porras Barrenechea. En esta misma reuni\u00f3n tambi\u00e9n se condecor\u00f3 a C\u00e1ritas del Per\u00fa, por sus 60 a\u00f1os de labor social en apoyo de los m\u00e1s pobres del pa\u00eds.<\/p>\n<div>\u00a0<\/div>\n<div>El acto fue dirigido por el Segundo Vicepresidente del Parlamento, Congresista Mariano Portugal Catacora, qui\u00e9n manifest\u00f3 que el Poder Legislativo distingui\u00f3 a Monse\u00f1or Carri\u00f3n \u201ccomo reconocimiento a la labor cumplida a favor de Puno, y que ha buscado mejores condiciones de vida de los habitante sobre la base de valores espirituales\u201d.<\/div>\n<div>\u00a0<\/div>\n<div>Por su parte, Monse\u00f1or Jorge Carri\u00f3n Pavlich agradeci\u00f3 esta distinci\u00f3n y dijo que lo que busca es profundizar el sentido religioso en la Di\u00f3cesis de Puno. Finalmente, dijo que esta medalla que le otorga el Congreso de la Rep\u00fablica es tambi\u00e9n para los fieles de Puno, que acogen con alegr\u00eda la Palabra de Dios. (Fuente CEP<\/div>\n<div>\u00a0<\/div>\n<p><a href=\"http:\/\/web.hilo.org.pe\/wp-content\/uploads\/Obispo de Puno.jpg\" target=\"_blank\" rel=\"noopener\">Ver archivo adjunto<\/a><\/p>\n","protected":false},"excerpt":{"rendered":"<p>Como reconocimiento a la labor pastoral que viene realizando, en bienestar de las poblaciones del altiplano, que se encuentran en situaci?n de pobreza y pobreza extrema, el Obispo de Puno, Monse?or Jorge Carri?n Pavlich, fue distinguido con el Diploma y Medalla de Honor del Congreso de la Rep?blica, en una ceremonia realizada en el hemiciclo Ra?l Porras Barrenechea. En esta misma reuni?n tambi?n se condecor? a C?ritas del Per?, por sus 60 a?os de labor social en apoyo de los m?s pobres del pa?s.<\/p>\n","protected":false},"author":1,"featured_media":7884,"comment_status":"closed","ping_status":"closed","sticky":false,"template":"","format":"standard","meta":{"footnotes":""},"categories":[9],"tags":[],"class_list":["post-2829","post","type-post","status-publish","format-standard","has-post-thumbnail","hentry","category-noticias"],"_links":{"self":[{"href":"https:\/\/ceas.org.pe\/index.php\/wp-json\/wp\/v2\/posts\/2829","targetHints":{"allow":["GET"]}}],"collection":[{"href":"https:\/\/ceas.org.pe\/index.php\/wp-json\/wp\/v2\/posts"}],"about":[{"href":"https:\/\/ceas.org.pe\/index.php\/wp-json\/wp\/v2\/types\/post"}],"author":[{"embeddable":true,"href":"https:\/\/ceas.org.pe\/index.php\/wp-json\/wp\/v2\/users\/1"}],"replies":[{"embeddable":true,"href":"https:\/\/ceas.org.pe\/index.php\/wp-json\/wp\/v2\/comments?post=2829"}],"version-history":[{"count":1,"href":"https:\/\/ceas.org.pe\/index.php\/wp-json\/wp\/v2\/posts\/2829\/revisions"}],"predecessor-version":[{"id":6391,"href":"https:\/\/ceas.org.pe\/index.php\/wp-json\/wp\/v2\/posts\/2829\/revisions\/6391"}],"wp:featuredmedia":[{"embeddable":true,"href":"https:\/\/ceas.org.pe\/index.php\/wp-json\/wp\/v2\/media\/7884"}],"wp:attachment":[{"href":"https:\/\/ceas.org.pe\/index.php\/wp-json\/wp\/v2\/media?parent=2829"}],"wp:term":[{"taxonomy":"category","embeddable":true,"href":"https:\/\/ceas.org.pe\/index.php\/wp-json\/wp\/v2\/categories?post=2829"},{"taxonomy":"post_tag","embeddable":true,"href":"https:\/\/ceas.org.pe\/index.php\/wp-json\/wp\/v2\/tags?post=2829"}],"curies":[{"name":"wp","href":"https:\/\/api.w.org\/{rel}","templated":true}]}}