{"id":2828,"date":"2016-06-20T11:12:32","date_gmt":"2016-06-20T11:12:32","guid":{"rendered":""},"modified":"2026-03-11T09:12:03","modified_gmt":"2026-03-11T14:12:03","slug":"callao-jornadas-de-formacion-sobre-matrimonio-y-misericodia","status":"publish","type":"post","link":"https:\/\/ceas.org.pe\/index.php\/2016\/06\/20\/callao-jornadas-de-formacion-sobre-matrimonio-y-misericodia\/","title":{"rendered":"Callao: Jornadas de formaci\u00f3n sobre matrimonio y misericodia"},"content":{"rendered":"<div>Cerca de 4 mil fieles, provenientes de todos los rincones de la Di\u00f3cesis del Callao se hicieron presentes en la Jornadas de Formaci\u00f3n Diocesana \u201cMatrimonio y Misericordia\u201d, que se realiz\u00f3 del 6 al 8 de junio en el Coliseo \u201cMiguel Grau\u201d, del Callao.\u00a0<\/div>\n<div>\u00a0<\/div>\n<div>Estos encuentros se realizaron como parte de las celebraciones por los pr\u00f3ximos 50 a\u00f1os de creaci\u00f3n nuestra di\u00f3cesis y tambi\u00e9n en el marco del A\u00f1o Jubilar de la Misericordia convocado por el Santo Padre Papa Francisco.\u00a0<\/div>\n<div>\u00a0<\/div>\n<div>El evento, organizado por la Facultad de Teolog\u00eda \u201cRedemptoris Mater\u201d, tuvo como objetivo orientar a los fieles en la verdadera dimensi\u00f3n que tiene el matrimonio y en su prevenci\u00f3n frente a la crisis que viene sufriendo en la actualidad. Se reflexion\u00f3, adem\u00e1s acerca de las obras de misericordia, sobre el matrimonio en el mundo de la anti g\u00e9nesis y la ideolog\u00eda de g\u00e9nero.\u00a0<\/div>\n<div>\u00a0<\/div>\n<div>Finalmente, el \u00faltimo d\u00eda se abord\u00f3 el tema de la Exhortaci\u00f3n Apost\u00f3lica Pos Sinodal Amoris laetitia (La alegr\u00eda del Amor), un hermoso documento del Papa Francisco en la que destaca el amor y la familia, ambas como un bien preciado en la que est\u00e1 presente la alegr\u00eda, la comprensi\u00f3n, la compasi\u00f3n y la misericordia.\u00a0<\/div>\n<div>\u00a0<\/div>\n<div>Cada jornada comenzaba con el rezo de las v\u00edsperas, luego con los testimonios de matrimonios, quienes compartieron su experiencia de vida y su encuentro con el Papa Francisco en la Jornada Mundial de las Familias.<\/div>\n<div>\u00a0<\/div>\n<div>Las ponencias estuvieron a cargo del Padre Carlos El\u00edas Echevarr\u00eda, Rector de la Facultad de Teolog\u00eda \u201cRedemptoris Mater\u201d; el Sr. Carlos Polo, de Population Research Institute; Monse\u00f1or Javier Del R\u00edo, Arzobispo de Arequipa y Monse\u00f1or Jos\u00e9 Luis del Palacio, Obispo del Callao. (Fuente: CEP)<\/div>\n<div>\u00a0<\/div>\n<p><a href=\"http:\/\/web.hilo.org.pe\/wp-content\/uploads\/20160620_Jornadas de formacion sobre matrimonio y misericodia.jpg\" target=\"_blank\" rel=\"noopener\">Ver archivo adjunto<\/a><\/p>\n","protected":false},"excerpt":{"rendered":"<p>Cerca de 4 mil fieles, provenientes de todos los rincones de la Di?cesis del Callao se hicieron presentes en la Jornadas de Formaci?n Diocesana ?Matrimonio y Misericordia?, que se realiz? del 6 al 8 de junio en el Coliseo ?Miguel Grau?, del Callao.<\/p>\n","protected":false},"author":1,"featured_media":8046,"comment_status":"closed","ping_status":"closed","sticky":false,"template":"","format":"standard","meta":{"footnotes":""},"categories":[9],"tags":[],"class_list":["post-2828","post","type-post","status-publish","format-standard","has-post-thumbnail","hentry","category-noticias"],"_links":{"self":[{"href":"https:\/\/ceas.org.pe\/index.php\/wp-json\/wp\/v2\/posts\/2828","targetHints":{"allow":["GET"]}}],"collection":[{"href":"https:\/\/ceas.org.pe\/index.php\/wp-json\/wp\/v2\/posts"}],"about":[{"href":"https:\/\/ceas.org.pe\/index.php\/wp-json\/wp\/v2\/types\/post"}],"author":[{"embeddable":true,"href":"https:\/\/ceas.org.pe\/index.php\/wp-json\/wp\/v2\/users\/1"}],"replies":[{"embeddable":true,"href":"https:\/\/ceas.org.pe\/index.php\/wp-json\/wp\/v2\/comments?post=2828"}],"version-history":[{"count":1,"href":"https:\/\/ceas.org.pe\/index.php\/wp-json\/wp\/v2\/posts\/2828\/revisions"}],"predecessor-version":[{"id":6392,"href":"https:\/\/ceas.org.pe\/index.php\/wp-json\/wp\/v2\/posts\/2828\/revisions\/6392"}],"wp:featuredmedia":[{"embeddable":true,"href":"https:\/\/ceas.org.pe\/index.php\/wp-json\/wp\/v2\/media\/8046"}],"wp:attachment":[{"href":"https:\/\/ceas.org.pe\/index.php\/wp-json\/wp\/v2\/media?parent=2828"}],"wp:term":[{"taxonomy":"category","embeddable":true,"href":"https:\/\/ceas.org.pe\/index.php\/wp-json\/wp\/v2\/categories?post=2828"},{"taxonomy":"post_tag","embeddable":true,"href":"https:\/\/ceas.org.pe\/index.php\/wp-json\/wp\/v2\/tags?post=2828"}],"curies":[{"name":"wp","href":"https:\/\/api.w.org\/{rel}","templated":true}]}}