{"id":2826,"date":"2016-06-21T17:50:30","date_gmt":"2016-06-21T17:50:30","guid":{"rendered":""},"modified":"2026-03-11T09:12:02","modified_gmt":"2026-03-11T14:12:02","slug":"como-quisiera-una-iglesia-pobre-para-los-pobres-afirma-francisco","status":"publish","type":"post","link":"https:\/\/ceas.org.pe\/index.php\/2016\/06\/21\/como-quisiera-una-iglesia-pobre-para-los-pobres-afirma-francisco\/","title":{"rendered":"\u00abC\u00f3mo quisiera una Iglesia pobre para los pobres\u00bb, afirma Francisco"},"content":{"rendered":"<p>Pero esto de la Iglesia pobre para los pobres viene del Evangelio mismo de Jes\u00fas, predicado por \u00e9l m\u00e1s con el ejemplo que con las palabras. Pero hay una relaci\u00f3n particular entre el Papa Bergoglio y Francisco de As\u00eds, porque eligi\u00f3 llamarse Francisco por san Francisco de As\u00eds y porque el Encuentro con Jes\u00fas pobre y humilde es el programa del Papa.<\/p>\n<p>La Iglesia se funda sobre el Evangelio de Jesucristo, pero Francisco de As\u00eds, 1200 a\u00f1os despues de Jes\u00fas, reedit\u00f3 en su propia vida y hasta en su propia carne el Evangelio de Jes\u00fas viviendo la \u201cpobreza evang\u00e9lica\u201d de manera radical. Renunci\u00f3 a todos los bienes materiales para vivir, como un mendigo, solo de Dios y para Dios, con gran amor y respeto por sus hermanos y por la naturaleza. San Francisco es una voz que llega hoy hasta nosotros en el nombre del Papa; es un grito que recuerda a la Iglesia el Evangelio de Jes\u00fas.<\/p>\n<div>Y para san Francisco todo empez\u00f3 en la pobre iglesita en ruinas y abandonada de san Dami\u00e1n, donde Jes\u00fas le dijo desde el Crucifico: \u201cVe Francisco, restaura mi Iglesia\u201d.<\/div>\n<div>\u00a0<\/div>\n<div>Por eso, la vuelta a san Dami\u00e1n solo por 5 d\u00edas, del Crucifijo donde Jes\u00fas habl\u00f3 a Francisco de Asis, ahora, entre el 15 y el 19 de junio y el Aniversario de la publicaci\u00f3n de la enc\u00edclica \u201cAlabado seas\u201d, el 20 de junio, sobre el cuidado de la Casa com\u00fan, son verdaderamente voz y grito. Son la voz y el grito de Jes\u00fas, de la Tierra, de los Pobres, de Francisco de As\u00eds y de Francisco Papa que nos piden volver al Evangelio, tambi\u00e9n dentro de la Iglesia de Jes\u00fas. @jesuitaguillo<\/div>\n<div>\u00a0<\/div>\n<div>Fuente: radiovaticana.va<\/div>\n<p><a href=\"http:\/\/web.hilo.org.pe\/wp-content\/uploads\/Iglesia pobre para los pobres.jpg\" target=\"_blank\" rel=\"noopener\">Ver archivo adjunto<\/a><\/p>\n","protected":false},"excerpt":{"rendered":"<p>Pero esto de la Iglesia pobre para los pobres viene del Evangelio mismo de Jes?s, predicado por ?l m?s con el ejemplo que con las palabras. Pero hay una relaci?n particular entre el Papa Bergoglio y Francisco de As?s, porque eligi? llamarse Francisco por san Francisco de As?s y porque el Encuentro con Jes?s pobre y humilde es el programa del Papa.<\/p>\n","protected":false},"author":1,"featured_media":7855,"comment_status":"closed","ping_status":"closed","sticky":false,"template":"","format":"standard","meta":{"footnotes":""},"categories":[9],"tags":[],"class_list":["post-2826","post","type-post","status-publish","format-standard","has-post-thumbnail","hentry","category-noticias"],"_links":{"self":[{"href":"https:\/\/ceas.org.pe\/index.php\/wp-json\/wp\/v2\/posts\/2826","targetHints":{"allow":["GET"]}}],"collection":[{"href":"https:\/\/ceas.org.pe\/index.php\/wp-json\/wp\/v2\/posts"}],"about":[{"href":"https:\/\/ceas.org.pe\/index.php\/wp-json\/wp\/v2\/types\/post"}],"author":[{"embeddable":true,"href":"https:\/\/ceas.org.pe\/index.php\/wp-json\/wp\/v2\/users\/1"}],"replies":[{"embeddable":true,"href":"https:\/\/ceas.org.pe\/index.php\/wp-json\/wp\/v2\/comments?post=2826"}],"version-history":[{"count":1,"href":"https:\/\/ceas.org.pe\/index.php\/wp-json\/wp\/v2\/posts\/2826\/revisions"}],"predecessor-version":[{"id":6388,"href":"https:\/\/ceas.org.pe\/index.php\/wp-json\/wp\/v2\/posts\/2826\/revisions\/6388"}],"wp:featuredmedia":[{"embeddable":true,"href":"https:\/\/ceas.org.pe\/index.php\/wp-json\/wp\/v2\/media\/7855"}],"wp:attachment":[{"href":"https:\/\/ceas.org.pe\/index.php\/wp-json\/wp\/v2\/media?parent=2826"}],"wp:term":[{"taxonomy":"category","embeddable":true,"href":"https:\/\/ceas.org.pe\/index.php\/wp-json\/wp\/v2\/categories?post=2826"},{"taxonomy":"post_tag","embeddable":true,"href":"https:\/\/ceas.org.pe\/index.php\/wp-json\/wp\/v2\/tags?post=2826"}],"curies":[{"name":"wp","href":"https:\/\/api.w.org\/{rel}","templated":true}]}}