{"id":2825,"date":"2016-06-16T13:39:38","date_gmt":"2016-06-16T13:39:38","guid":{"rendered":""},"modified":"2026-03-11T09:12:03","modified_gmt":"2026-03-11T14:12:03","slug":"obispos-de-la-presidencia-expresaron-su-saludo-al-electo-presidente-del-pero-pedro-pablo-kuczynski","status":"publish","type":"post","link":"https:\/\/ceas.org.pe\/index.php\/2016\/06\/16\/obispos-de-la-presidencia-expresaron-su-saludo-al-electo-presidente-del-pero-pedro-pablo-kuczynski\/","title":{"rendered":"Obispos de la Presidencia, expresaron su saludo al electo Presidente del Per\u00f3, Pedro Pablo Kuczynski"},"content":{"rendered":"<p>\u00a0<\/p>\n<p class=\"MsoNoSpacing\" align=\"center\" style=\"text-align:center\"><b><i><span lang=\"ES\">Conferencia Episcopal Peruana\u00a0<\/span><\/i><\/b><span lang=\"ES\"><o:p><\/o:p><\/span><\/p>\n<p><span style=\"text-align: justify;\">NOTA<\/span>\u00a0DE PRENSA<\/p>\n<p><span style=\"text-align: justify;\">En un ambiente de cordialidad, los Obispos miembros de la Presidencia de la Conferencia Episcopal Peruana (CEP) realizaron una visita protocolar al Presidente electo del Per\u00fa, Sr. Pedro Pablo Kuczynski.<\/span><\/p>\n<p class=\"MsoNoSpacing\" style=\"text-align:justify\"><span lang=\"ES\">La reuni\u00f3n se realiz\u00f3 en su casa, en San Isidro. Hasta all\u00ed llegaron: Monse\u00f1or Salvador Pi\u00f1eiro Garc\u00eda Calder\u00f3n, Arzobispo de Ayacucho y Presidente de la Conferencia Episcopal Peruana; Monse\u00f1or Miguel Cabrejos Vidarte, OFM., Arzobispo de Trujillo y Primer Vicepresidente del Episcopado Peruano; y Monse\u00f1or Pedro Barreto Jimeno, SJ., Arzobispo de Huancayo y Segundo Vicepresidente de la CEP. Tambi\u00e9n estuvieron presentes, Monse\u00f1or Antonio Santarsiero Rosa, OSJ., Obispo de Huacho y miembro del Consejo Permanente del Episcopado Peruano; y el Padre Guillermo Inca Pereda, Secretario General Adjunto de la Conferencia Episcopal Peruana. <o:p><\/o:p><\/span><\/p>\n<p class=\"MsoNoSpacing\" style=\"text-align:justify\"><span lang=\"ES\">En la cita, los Obispos de la Iglesia Cat\u00f3lica, ofrecieron su saludo al Sr. Pedro Pablo Kuczynski, tras salir ganador en la segunda vuelta electoral para elegir al nuevo Presidente del Per\u00fa. A su salida de la reuni\u00f3n, Monse\u00f1or Salvador Pi\u00f1eiro, expres\u00f3 a los periodistas que fue una reuni\u00f3n \u201cmuy fraterna\u201d, y que abordaron diversos temas relacionados a la educaci\u00f3n, salud y desarrollo del pa\u00eds. <o:p><\/o:p><\/span><\/p>\n<p class=\"MsoNoSpacing\" align=\"right\" style=\"text-align:right\"><span lang=\"ES\">Oficina de Prensa <o:p><\/o:p><\/span><\/p>\n<p class=\"MsoNoSpacing\" style=\"text-align:justify\"><span lang=\"ES\">\u00a0<\/span><span style=\"text-align: right;\">Lima, 16 de junio de 2016<\/span>\u00a0\u00a0<\/p>\n<p><a href=\"http:\/\/web.hilo.org.pe\/wp-content\/uploads\/200.jpg\" target=\"_blank\" rel=\"noopener\">Ver archivo adjunto<\/a><\/p>\n","protected":false},"excerpt":{"rendered":"<p>Conferencia Episcopal Peruana <\/p>\n<p>NOTA DE PRENSA<\/p>\n<p>En un ambiente de cordialidad, los Obispos miembros de la Presidencia de la Conferencia Episcopal Peruana (CEP) realizaron una visita protocolar al Presidente electo del Per?, Sr. Pedro Pablo Kuczynski.<\/p>\n","protected":false},"author":1,"featured_media":7854,"comment_status":"closed","ping_status":"closed","sticky":false,"template":"","format":"standard","meta":{"footnotes":""},"categories":[9],"tags":[],"class_list":["post-2825","post","type-post","status-publish","format-standard","has-post-thumbnail","hentry","category-noticias"],"_links":{"self":[{"href":"https:\/\/ceas.org.pe\/index.php\/wp-json\/wp\/v2\/posts\/2825","targetHints":{"allow":["GET"]}}],"collection":[{"href":"https:\/\/ceas.org.pe\/index.php\/wp-json\/wp\/v2\/posts"}],"about":[{"href":"https:\/\/ceas.org.pe\/index.php\/wp-json\/wp\/v2\/types\/post"}],"author":[{"embeddable":true,"href":"https:\/\/ceas.org.pe\/index.php\/wp-json\/wp\/v2\/users\/1"}],"replies":[{"embeddable":true,"href":"https:\/\/ceas.org.pe\/index.php\/wp-json\/wp\/v2\/comments?post=2825"}],"version-history":[{"count":1,"href":"https:\/\/ceas.org.pe\/index.php\/wp-json\/wp\/v2\/posts\/2825\/revisions"}],"predecessor-version":[{"id":6394,"href":"https:\/\/ceas.org.pe\/index.php\/wp-json\/wp\/v2\/posts\/2825\/revisions\/6394"}],"wp:featuredmedia":[{"embeddable":true,"href":"https:\/\/ceas.org.pe\/index.php\/wp-json\/wp\/v2\/media\/7854"}],"wp:attachment":[{"href":"https:\/\/ceas.org.pe\/index.php\/wp-json\/wp\/v2\/media?parent=2825"}],"wp:term":[{"taxonomy":"category","embeddable":true,"href":"https:\/\/ceas.org.pe\/index.php\/wp-json\/wp\/v2\/categories?post=2825"},{"taxonomy":"post_tag","embeddable":true,"href":"https:\/\/ceas.org.pe\/index.php\/wp-json\/wp\/v2\/tags?post=2825"}],"curies":[{"name":"wp","href":"https:\/\/api.w.org\/{rel}","templated":true}]}}