{"id":2824,"date":"2016-06-16T11:04:17","date_gmt":"2016-06-16T11:04:17","guid":{"rendered":""},"modified":"2026-03-11T09:12:03","modified_gmt":"2026-03-11T14:12:03","slug":"declaracion-de-derechos-de-los-pueblos-indogenas-fue-aprobado-por-la-oea","status":"publish","type":"post","link":"https:\/\/ceas.org.pe\/index.php\/2016\/06\/16\/declaracion-de-derechos-de-los-pueblos-indogenas-fue-aprobado-por-la-oea\/","title":{"rendered":"Declaraci\u00f3n de Derechos de los Pueblos Ind\u00f3genas fue aprobado por la OEA"},"content":{"rendered":"<p>La Organizaci\u00f3n de Estados Americanos (OEA) aprob\u00f3 este mi\u00e9rcoles una declaraci\u00f3n de derechos de los pueblos ind\u00edgenas, cuyo texto fue debatido durante 17 a\u00f1os.<\/p>\n<div>\u00a0<\/div>\n<div>Los 34 pa\u00edses miembros aprobaron La Declaraci\u00f3n Americana Sobre los Pueblos Ind\u00edgenas durante las sesiones de la 46a Asamblea General del organismo en Santo Domingo.<\/div>\n<div>\u00a0<\/div>\n<div>\u00abEs un momento hist\u00f3rico para los pueblos ind\u00edgenas de las Am\u00e9ricas, ya que es la primera vez que la OEA reconoce un conjunto de derechos de los pueblos ind\u00edgenas\u00bb, dijo a periodistas Adelfo Regino Montes, un representante del pueblo mixe de M\u00e9xico.<\/div>\n<div>\u00a0<\/div>\n<div>\u00abSe est\u00e1n sentando las bases para que exista una nueva relaci\u00f3n entre el Estado y los pueblos ind\u00edgenas\u00bb, a\u00f1adi\u00f3.<\/div>\n<div>\u00a0<\/div>\n<div>El documento reconoce la organizaci\u00f3n colectiva, el car\u00e1cter pluricultural y multiling\u00fce de las sociedades, y se pronuncia sobre la autoidentificaci\u00f3n de las personas que se consideran ind\u00edgenas.<\/div>\n<div>\u00a0<\/div>\n<div>Tambi\u00e9n otorga una protecci\u00f3n especial a los pueblos en aislamiento voluntario o en contacto inicial, un elemento que seg\u00fan la OEA lo distingue de otras iniciativas en la materia.<\/div>\n<div>\u00a0<\/div>\n<div>\u00abEsta declaraci\u00f3n busca que los estados hagan cambios, busquen modelos inclusivos\u00bb y \u00abque no nos impongan proyectos de desarrollo\u00bb, dijo H\u00e9ctor Huertas, representante del pueblo guna de Panam\u00e1.<\/div>\n<div>\u00a0<\/div>\n<div>Hay unos 50 millones de ind\u00edgenas en el continente americano, seg\u00fan los representantes.<\/div>\n<div>\u00a0<\/div>\n<div>Fuente: el-carabobeno.com<\/div>\n<p><a href=\"http:\/\/web.hilo.org.pe\/wp-content\/uploads\/OEA.jpg\" target=\"_blank\" rel=\"noopener\">Ver archivo adjunto<\/a><\/p>\n","protected":false},"excerpt":{"rendered":"<p>La Organizaci?n de Estados Americanos (OEA) aprob? este mi?rcoles una declaraci?n de derechos de los pueblos ind?genas, cuyo texto fue debatido durante 17 a?os.<\/p>\n","protected":false},"author":1,"featured_media":7936,"comment_status":"closed","ping_status":"closed","sticky":false,"template":"","format":"standard","meta":{"footnotes":""},"categories":[9],"tags":[],"class_list":["post-2824","post","type-post","status-publish","format-standard","has-post-thumbnail","hentry","category-noticias"],"_links":{"self":[{"href":"https:\/\/ceas.org.pe\/index.php\/wp-json\/wp\/v2\/posts\/2824","targetHints":{"allow":["GET"]}}],"collection":[{"href":"https:\/\/ceas.org.pe\/index.php\/wp-json\/wp\/v2\/posts"}],"about":[{"href":"https:\/\/ceas.org.pe\/index.php\/wp-json\/wp\/v2\/types\/post"}],"author":[{"embeddable":true,"href":"https:\/\/ceas.org.pe\/index.php\/wp-json\/wp\/v2\/users\/1"}],"replies":[{"embeddable":true,"href":"https:\/\/ceas.org.pe\/index.php\/wp-json\/wp\/v2\/comments?post=2824"}],"version-history":[{"count":1,"href":"https:\/\/ceas.org.pe\/index.php\/wp-json\/wp\/v2\/posts\/2824\/revisions"}],"predecessor-version":[{"id":6395,"href":"https:\/\/ceas.org.pe\/index.php\/wp-json\/wp\/v2\/posts\/2824\/revisions\/6395"}],"wp:featuredmedia":[{"embeddable":true,"href":"https:\/\/ceas.org.pe\/index.php\/wp-json\/wp\/v2\/media\/7936"}],"wp:attachment":[{"href":"https:\/\/ceas.org.pe\/index.php\/wp-json\/wp\/v2\/media?parent=2824"}],"wp:term":[{"taxonomy":"category","embeddable":true,"href":"https:\/\/ceas.org.pe\/index.php\/wp-json\/wp\/v2\/categories?post=2824"},{"taxonomy":"post_tag","embeddable":true,"href":"https:\/\/ceas.org.pe\/index.php\/wp-json\/wp\/v2\/tags?post=2824"}],"curies":[{"name":"wp","href":"https:\/\/api.w.org\/{rel}","templated":true}]}}