{"id":2823,"date":"2016-06-15T12:54:54","date_gmt":"2016-06-15T12:54:54","guid":{"rendered":""},"modified":"2026-03-11T09:12:03","modified_gmt":"2026-03-11T14:12:03","slug":"santo-padre-pide-no-discriminar-a-las-personas-con-discapacidad-en-las-parroquias","status":"publish","type":"post","link":"https:\/\/ceas.org.pe\/index.php\/2016\/06\/15\/santo-padre-pide-no-discriminar-a-las-personas-con-discapacidad-en-las-parroquias\/","title":{"rendered":"Santo Padre pide no discriminar a las personas con discapacidad en las parroquias"},"content":{"rendered":"<p>\u00a0Los sacerdotes necesitan m\u00e1s \u201capostolado de la oreja\u201d. Lo ha indicado el papa Francisco a los participantes del Congreso promovido por el sector para la catequesis de las personas discapacitadas de la oficina de catequesis nacional italiana en ocasi\u00f3n del 25\u00aa aniversario de su instituci\u00f3n. Adem\u00e1s, ha criticado la discriminaci\u00f3n que las personas con discapacidad sufren en algunas parroquias.<\/p>\n<div>\u00a0<\/div>\n<div>Siguiendo su idea de que \u201cleer discurso es aburrido\u201d, el Santo Padre ha preferido dejar de lado el texto que llevaba escrito y responder a las preguntas que le hab\u00edan hecho, improvisando, en el Aula Pablo VI ante una multitud entusiasmada y alegre.\u00a0<\/div>\n<div>\u00a0<\/div>\n<div>En primer lugar, el Papa ha asegurado que \u201ctodos somos diferentes\u201d y que \u201cno hay uno que sea igual que otro\u201d. Respondiendo a la primera pregunta que le ha hecho una de las participantes, el Santo Padre ha indicado que las diferencias nos dan miedo porque \u201cir al encuentro de una persona que tiene una diferencia grave es un desaf\u00edo\u201d. Es m\u00e1s c\u00f3modo \u2013ha observado\u2013 no moverse, ignorar las diferencias. De este modo, el Papa ha precisado que \u201clas diferencias son la riqueza\u201d porque \u201cyo tengo una cosa, y t\u00fa otra, y as\u00ed hacemos algo grande\u201d.<\/div>\n<div>\u00a0<\/div>\n<div>Asimismo, el Pont\u00edfice ha asegurado que un mundo donde todos fu\u00e9ramos iguales \u201cser\u00eda un mundo aburrido\u201d. Adem\u00e1s, ha reconocido que hay diferencias que son dolorosas pero tambi\u00e9n esas \u201cnos ayudan\u201d, \u201cnos desaf\u00edan\u201d y \u201cnos enriquecen\u201d. Por eso ha invitado a no tener miedo nunca. Y para hacer este camino es necesario poner en com\u00fan lo que tenemos.<\/div>\n<div>\u00a0<\/div>\n<div>Al respecto, el Santo Padre ha se\u00f1alado un gesto muy bonito que tenemos las personas: el apret\u00f3n de manos. Es un gesto muy profundo porque \u201cpongo en com\u00fan lo que tengo contigo\u201d, \u201cte doy lo m\u00edo y t\u00fa lo tuyo\u201d. Y es que, tal y como ha precisado, \u201clas diferencias son un desaf\u00edo pero nos hacen crecer\u201d.<\/div>\n<div>\u00a0<\/div>\n<div>La segunda pregunta, ha observado Francisco, le ha puesto en \u201cdificultad\u201d, porque ten\u00eda que explicar la discriminaci\u00f3n que las personas con discapacidad sufren en algunas parroquias. Al respecto ha aseverado que la discriminaci\u00f3n es una de las cosas m\u00e1s feas que hay entre nosotros. Y \u00bfqu\u00e9 tiene que hacer un p\u00e1rroco que no acepta a todos? \u201c\u00a1Convertirse!\u201d, ha exclamado.<\/div>\n<div>\u00a0<\/div>\n<div>Del mismo modo ha explicado que si una persona quiere hacer la comuni\u00f3n tiene que tener una preparaci\u00f3n, y si no entiende el lenguaje, por ejemplo porque es sordo, tiene que tener la posibilidad en esa parroquia de prepararse con el lenguaje de sordos. El Papa ha asegurado que la persona a la que le funcionan bien los cinco sentido no significa que sea mejor. \u201cSi t\u00fa eres diferente, tambi\u00e9n tienes la posibilidad de ser el mejor\u201d, ha aseverado.<\/div>\n<div>\u00a0<\/div>\n<div>En esta misma l\u00ednea ha recordado las cr\u00edticas que recibi\u00f3 el papa P\u00edo X cuando decidi\u00f3 que hab\u00eda que dar la comuni\u00f3n a los ni\u00f1os. Muchos se escandalizaron porque cre\u00edan que un ni\u00f1o \u201cno entiende\u201d. Y este Papa hizo \u201cde una diversidad una igualdad\u201d. Porque sab\u00eda \u2013ha precisado\u2013 que el ni\u00f1o entiende, de otro modo, y cuando hay diferencias entre nosotros se entiende de otra forma.<\/div>\n<div>\u00a0<\/div>\n<div>Mientras recordaba que \u201ccada uno de nosotros tiene un modo de conocer las cosas que es distinto\u201d una ni\u00f1a con s\u00edndrome de down que se encontraba en primera fila, ha subido al escenario donde estaba sentado el Papa. Y as\u00ed, Francisco ha aprovechado el gesto para asegurar que esta ni\u00f1a \u201cno tiene miedo\u201d, \u201ccorre el riesgo\u201d y \u201csabe que las diferencias son una riqueza\u201d. Nos ha dado una lecci\u00f3n, ha indicado. Y por eso \u201cnunca ser\u00e1 discriminada, se sabe defender sola\u201d, ha observado.<\/div>\n<div>\u00a0<\/div>\n<div>Por \u00faltimo ha respondido a la pregunta de un sacerdote sobre c\u00f3mo acoger a todos. \u00a0El consejo que ha dado el Papa a un sacerdote que no sabe acoger a todos es \u201ccierra la puerta de la parroquia, o todos o nadie\u201d. Y si el sacerdote dice que \u201cyo entiendo a todos pero no puedo acoger a todos, porque no todos pueden entender\u201d, la respuesta que le da el Papa es que \u201ceres t\u00fa que no eres capaz de entender\u201d.<\/div>\n<div>\u00a0<\/div>\n<div>Asimismo, reconociendo la gran labor en la pastoral que hace la Iglesia, el Santo Padre ha precisado que a muchos sacerdotes les falta m\u00e1s \u201capostolado de la oreja\u201d, es decir, \u201cescuchar\u201d. Aunque el sacerdote diga que \u201ces aburrido porque son siempre las mismas historias, las mismas cosas\u201d, el papa Francisco ha recordado que \u201cno son las mismas personas\u201d y que \u201cel Se\u00f1or est\u00e1 en el coraz\u00f3n de cada uno\u201d. Por eso, ha concluido el Pont\u00edfice, \u201ctienes que tener la paciencia de escuchar a todos\u201d.<\/div>\n<div>\u00a0<\/div>\n<div>Fuente: zenit.org<\/div>\n<p><a href=\"http:\/\/web.hilo.org.pe\/wp-content\/uploads\/Franciscopersonascondiscapacidad.jpg\" target=\"_blank\" rel=\"noopener\">Ver archivo adjunto<\/a><\/p>\n","protected":false},"excerpt":{"rendered":"<p>Los sacerdotes necesitan m?s ?apostolado de la oreja?. Lo ha indicado el papa Francisco a los participantes del Congreso promovido por el sector para la catequesis de las personas discapacitadas de la oficina de catequesis nacional italiana en ocasi?n del 25? aniversario de su instituci?n. Adem?s, ha criticado la discriminaci?n que las personas con discapacidad sufren en algunas parroquias.<\/p>\n","protected":false},"author":1,"featured_media":7958,"comment_status":"closed","ping_status":"closed","sticky":false,"template":"","format":"standard","meta":{"footnotes":""},"categories":[9],"tags":[],"class_list":["post-2823","post","type-post","status-publish","format-standard","has-post-thumbnail","hentry","category-noticias"],"_links":{"self":[{"href":"https:\/\/ceas.org.pe\/index.php\/wp-json\/wp\/v2\/posts\/2823","targetHints":{"allow":["GET"]}}],"collection":[{"href":"https:\/\/ceas.org.pe\/index.php\/wp-json\/wp\/v2\/posts"}],"about":[{"href":"https:\/\/ceas.org.pe\/index.php\/wp-json\/wp\/v2\/types\/post"}],"author":[{"embeddable":true,"href":"https:\/\/ceas.org.pe\/index.php\/wp-json\/wp\/v2\/users\/1"}],"replies":[{"embeddable":true,"href":"https:\/\/ceas.org.pe\/index.php\/wp-json\/wp\/v2\/comments?post=2823"}],"version-history":[{"count":1,"href":"https:\/\/ceas.org.pe\/index.php\/wp-json\/wp\/v2\/posts\/2823\/revisions"}],"predecessor-version":[{"id":6397,"href":"https:\/\/ceas.org.pe\/index.php\/wp-json\/wp\/v2\/posts\/2823\/revisions\/6397"}],"wp:featuredmedia":[{"embeddable":true,"href":"https:\/\/ceas.org.pe\/index.php\/wp-json\/wp\/v2\/media\/7958"}],"wp:attachment":[{"href":"https:\/\/ceas.org.pe\/index.php\/wp-json\/wp\/v2\/media?parent=2823"}],"wp:term":[{"taxonomy":"category","embeddable":true,"href":"https:\/\/ceas.org.pe\/index.php\/wp-json\/wp\/v2\/categories?post=2823"},{"taxonomy":"post_tag","embeddable":true,"href":"https:\/\/ceas.org.pe\/index.php\/wp-json\/wp\/v2\/tags?post=2823"}],"curies":[{"name":"wp","href":"https:\/\/api.w.org\/{rel}","templated":true}]}}