{"id":2822,"date":"2016-06-15T12:52:02","date_gmt":"2016-06-15T12:52:02","guid":{"rendered":""},"modified":"2026-03-11T09:12:03","modified_gmt":"2026-03-11T14:12:03","slug":"francisco-el-acceso-al-agua-pura-es-un-problema-de-justicia","status":"publish","type":"post","link":"https:\/\/ceas.org.pe\/index.php\/2016\/06\/15\/francisco-el-acceso-al-agua-pura-es-un-problema-de-justicia\/","title":{"rendered":"Francisco: \u00abEl acceso al agua pura es un problema de justicia\u00bb"},"content":{"rendered":"<p>El trabajo del cient\u00edfico requiere gran compromiso, que puede ser largo y cansado. A\u00fan con eso puede y debe ser un torrente de alegr\u00eda. As\u00ed lo ha indicado el papa Francisco en la audiencia a los participantes de la Escuela de verano de Astronom\u00eda del Observatorio Vaticano, organizado por los padres jesuitas.<\/p>\n<div>\u00a0<\/div>\n<div>La cualificada participaci\u00f3n de personas procedentes de varios pa\u00edses y diferentes culturas \u2013ha observado el Santo Padre\u2013 es signo de c\u00f3mo la diversidad puede enriquecer tambi\u00e9n el trabajo de investigaci\u00f3n en el \u00e1mbito cient\u00edfico. \u00a0<\/div>\n<div>\u00a0<\/div>\n<div>El papa Francisco ha querido dar las gracias al vice director del Observatorio y a los profesores por acompa\u00f1ar a los j\u00f3venes astr\u00f3nomos \u201cen la compleja y maravillosa actividad de escrutar el universo, don incomparable del Creador\u201d.<\/div>\n<div>\u00a0<\/div>\n<div>De este modo, el Pont\u00edfice ha precisado que el hecho de que se re\u00fanen en esta escuela de verano muestra que \u201cel deseo de comprender el universo, creado por Dios, y nuestro lugar en \u00e9l, es com\u00fan a hombres y mujeres que viven en contextos culturales y religiosos diferentes\u201d. Al respecto ha precisado que todos nosotros vivimos bajo el mismo cielo y todos somos movidos por la belleza que se revela en el cosmo y se refleja tambi\u00e9n en nuestros estudios sobre cuerpos y sustancias celestes.<\/div>\n<div>\u00a0<\/div>\n<div>A prop\u00f3sito del tema de estudio de esta 15\u00aa escuela de verano, que se ocupa del estudio del agua en el sistema solar, el Santo Padre ha subrayado que \u201ctodos sabemos lo esencial que es el agua en la tierra\u201d. El agua \u2013ha aseverado\u2013 nos fascina con su poder y al mismo tiempo con su humildad. Por eso ha recordado que las grandes civilizaciones comenzaron a lo largo de los r\u00edos, y tambi\u00e9n hoy el acceso al agua pura es un problema de justicia para el g\u00e9nero humano, ricos y pobres.<\/div>\n<div>\u00a0<\/div>\n<div>El Papa ha deseado a los presentes que cultivan la alegr\u00eda \u201cque anima vuestro trabajo cient\u00edfico, y que es la raz\u00f3n por la que no pod\u00e9is hacer otra cosa que compartila con vuestros amigos, familias, naciones, como tambi\u00e9n con la comunidad internacional de los cient\u00edficos con los que trabaj\u00e1is\u201d. Del mismo modo ha exhortado a que experimenten siempre la alegr\u00eda de la investigaci\u00f3n y del compartir los frutos, con humildad y fraternidad.<\/div>\n<div>\u00a0<\/div>\n<div>Tal y como ha recordado Francisco, el papa Le\u00f3n XIII fund\u00f3 el Observatorio Vaticano en 1891, hace 125 a\u00f1os, tambi\u00e9n para confirmar cu\u00e1nto la Iglesia era amiga de la \u201cverdadera y fundada ciencia, tanto humana como divina\u201d. En estos a\u00f1os, tan instituci\u00f3n cient\u00edfica se ha esforzado \u201cpor realizar las finalidades para la que ha sido querida, sirvi\u00e9ndose de nuevos instrumentos, como tambi\u00e9n del di\u00e1logo y del debate con otros centros de investigaci\u00f3n\u201d.<\/div>\n<div>\u00a0<\/div>\n<div>Fuente: zenit.org<\/div>\n<p><a href=\"http:\/\/web.hilo.org.pe\/wp-content\/uploads\/Papaaccesoal agua.jpg\" target=\"_blank\" rel=\"noopener\">Ver archivo adjunto<\/a><\/p>\n","protected":false},"excerpt":{"rendered":"<p>El trabajo del cient?fico requiere gran compromiso, que puede ser largo y cansado. A?n con eso puede y debe ser un torrente de alegr?a. As? lo ha indicado el papa Francisco en la audiencia a los participantes de la Escuela de verano de Astronom?a del Observatorio Vaticano, organizado por los padres jesuitas.<\/p>\n","protected":false},"author":1,"featured_media":7855,"comment_status":"closed","ping_status":"closed","sticky":false,"template":"","format":"standard","meta":{"footnotes":""},"categories":[9],"tags":[],"class_list":["post-2822","post","type-post","status-publish","format-standard","has-post-thumbnail","hentry","category-noticias"],"_links":{"self":[{"href":"https:\/\/ceas.org.pe\/index.php\/wp-json\/wp\/v2\/posts\/2822","targetHints":{"allow":["GET"]}}],"collection":[{"href":"https:\/\/ceas.org.pe\/index.php\/wp-json\/wp\/v2\/posts"}],"about":[{"href":"https:\/\/ceas.org.pe\/index.php\/wp-json\/wp\/v2\/types\/post"}],"author":[{"embeddable":true,"href":"https:\/\/ceas.org.pe\/index.php\/wp-json\/wp\/v2\/users\/1"}],"replies":[{"embeddable":true,"href":"https:\/\/ceas.org.pe\/index.php\/wp-json\/wp\/v2\/comments?post=2822"}],"version-history":[{"count":1,"href":"https:\/\/ceas.org.pe\/index.php\/wp-json\/wp\/v2\/posts\/2822\/revisions"}],"predecessor-version":[{"id":6398,"href":"https:\/\/ceas.org.pe\/index.php\/wp-json\/wp\/v2\/posts\/2822\/revisions\/6398"}],"wp:featuredmedia":[{"embeddable":true,"href":"https:\/\/ceas.org.pe\/index.php\/wp-json\/wp\/v2\/media\/7855"}],"wp:attachment":[{"href":"https:\/\/ceas.org.pe\/index.php\/wp-json\/wp\/v2\/media?parent=2822"}],"wp:term":[{"taxonomy":"category","embeddable":true,"href":"https:\/\/ceas.org.pe\/index.php\/wp-json\/wp\/v2\/categories?post=2822"},{"taxonomy":"post_tag","embeddable":true,"href":"https:\/\/ceas.org.pe\/index.php\/wp-json\/wp\/v2\/tags?post=2822"}],"curies":[{"name":"wp","href":"https:\/\/api.w.org\/{rel}","templated":true}]}}