{"id":2819,"date":"2016-06-16T11:00:45","date_gmt":"2016-06-16T11:00:45","guid":{"rendered":""},"modified":"2026-03-11T09:12:03","modified_gmt":"2026-03-11T14:12:03","slug":"francisco-envoa-delegado-para-acciones-solidarias-en-ecuador","status":"publish","type":"post","link":"https:\/\/ceas.org.pe\/index.php\/2016\/06\/16\/francisco-envoa-delegado-para-acciones-solidarias-en-ecuador\/","title":{"rendered":"Francisco env\u00f3a delegado para acciones solidarias en Ecuador"},"content":{"rendered":"<p>El Secretario del Pontificio Consejo Cor Unum, Mons. Segundo Tejado Mu\u00f1oz, visitar\u00e1 del 16 al 21 de junio las di\u00f3cesis de Ecuador afectadas en abril por el terremoto de 7,8 grados de la escala de Richter, con el objetivo de aportar \u201cun signo concreto\u201d de la cercan\u00eda del Papa Francisco y que se suma a la ayuda inicial brindada por la Iglesia.<\/p>\n<div>\u00a0<\/div>\n<div>El 16 de abril un terremoto de 7,8 grados afect\u00f3 la costa y parte de la sierra de Ecuador, especialmente las provincias de Manab\u00ed y Esmeraldas. Sin embargo, por su magnitud, el sismo se sinti\u00f3 tambi\u00e9n en Colombia y en el norte del Per\u00fa.<\/div>\n<div>\u00a0<\/div>\n<div>Seg\u00fan la Oficina de la ONU para Asuntos Humanitarios (OCHA), el sismo caus\u00f3 alrededor de 600 muertos y varios miles de heridos. Hay todav\u00eda centenares de desaparecidos, las personas sin hogar son m\u00e1s de 21.000 y 150.000 ni\u00f1os se han visto directamente afectados por el terremoto.<\/div>\n<div>\u00a0<\/div>\n<div>Adem\u00e1s, seg\u00fan el gobierno, los edificios destruidos o da\u00f1ados superan las 1.500 unidades, y todav\u00eda varias ciudades tienen problemas con el suministro de electricidad, agua potable y saneamiento b\u00e1sico.<\/div>\n<div>\u00a0<\/div>\n<div>En ese sentido, la Santa Sede inform\u00f3 que \u201cdespu\u00e9s de una ayuda inicial de emergencia enviada por Cor Unum en los d\u00edas inmediatamente sucesivos al terremoto\u201d, la misi\u00f3n actual de Mons. Tejado \u201cbrinda la oportunidad de aportar un signo concreto de la cercan\u00eda del Santo Padre a las poblaciones afectadas\u201d.<\/div>\n<div>\u00a0<\/div>\n<div>Asimismo, permitir\u00e1 evaluar, junto con el Nuncio Apost\u00f3lico, Mons. Giacomo Guido Ottonello, y la Iglesia local, \u201ceventuales intervenciones en nombre de la Santa Sede para contribuir a la reconstrucci\u00f3n de viviendas, escuelas y edificios\u201d.<\/div>\n<div>\u00a0<\/div>\n<div><strong>Proyectos para Am\u00e9rica Latina<\/strong><\/div>\n<div>\u00a0<\/div>\n<div>Culminado su visita a Ecuador, Mons. Tejado viajar\u00e1 a Bogot\u00e1 (Colombia), del 21 al 24 de junio, para la reuni\u00f3n anual del consejo de administraci\u00f3n de la Fundaci\u00f3n Populorum Progressio para Am\u00e9rica Latina, confiada desde su creaci\u00f3n en 1992 por San Juan Pablo II al Pontificio Consejo Cor Unum.<\/div>\n<div>\u00a0<\/div>\n<div>Durante la reuni\u00f3n se evaluar\u00e1n y aprobar\u00e1n la financiaci\u00f3n de proyectos en favor de las comunidades ind\u00edgenas, mestizas, afroamericanas y campesinas en Am\u00e9rica Latina y el Caribe durante el a\u00f1o 2016. Se trata de unos 90 proyectos por un valor aproximado de 1,5 millones de d\u00f3lares.<\/div>\n<div>\u00a0<\/div>\n<div>Fuente: aciprensa.com<\/div>\n<p><a href=\"http:\/\/web.hilo.org.pe\/wp-content\/uploads\/Zonas afectadasterremoto.jpg\" target=\"_blank\" rel=\"noopener\">Ver archivo adjunto<\/a><\/p>\n","protected":false},"excerpt":{"rendered":"<p>El Secretario del Pontificio Consejo Cor Unum, Mons. Segundo Tejado Mu?oz, visitar? del 16 al 21 de junio las di?cesis de Ecuador afectadas en abril por el terremoto de 7,8 grados de la escala de Richter, con el objetivo de aportar ?un signo concreto? de la cercan?a del Papa Francisco y que se suma a la ayuda inicial brindada por la Iglesia.<\/p>\n","protected":false},"author":1,"featured_media":7855,"comment_status":"closed","ping_status":"closed","sticky":false,"template":"","format":"standard","meta":{"footnotes":""},"categories":[9],"tags":[],"class_list":["post-2819","post","type-post","status-publish","format-standard","has-post-thumbnail","hentry","category-noticias"],"_links":{"self":[{"href":"https:\/\/ceas.org.pe\/index.php\/wp-json\/wp\/v2\/posts\/2819","targetHints":{"allow":["GET"]}}],"collection":[{"href":"https:\/\/ceas.org.pe\/index.php\/wp-json\/wp\/v2\/posts"}],"about":[{"href":"https:\/\/ceas.org.pe\/index.php\/wp-json\/wp\/v2\/types\/post"}],"author":[{"embeddable":true,"href":"https:\/\/ceas.org.pe\/index.php\/wp-json\/wp\/v2\/users\/1"}],"replies":[{"embeddable":true,"href":"https:\/\/ceas.org.pe\/index.php\/wp-json\/wp\/v2\/comments?post=2819"}],"version-history":[{"count":1,"href":"https:\/\/ceas.org.pe\/index.php\/wp-json\/wp\/v2\/posts\/2819\/revisions"}],"predecessor-version":[{"id":6396,"href":"https:\/\/ceas.org.pe\/index.php\/wp-json\/wp\/v2\/posts\/2819\/revisions\/6396"}],"wp:featuredmedia":[{"embeddable":true,"href":"https:\/\/ceas.org.pe\/index.php\/wp-json\/wp\/v2\/media\/7855"}],"wp:attachment":[{"href":"https:\/\/ceas.org.pe\/index.php\/wp-json\/wp\/v2\/media?parent=2819"}],"wp:term":[{"taxonomy":"category","embeddable":true,"href":"https:\/\/ceas.org.pe\/index.php\/wp-json\/wp\/v2\/categories?post=2819"},{"taxonomy":"post_tag","embeddable":true,"href":"https:\/\/ceas.org.pe\/index.php\/wp-json\/wp\/v2\/tags?post=2819"}],"curies":[{"name":"wp","href":"https:\/\/api.w.org\/{rel}","templated":true}]}}