{"id":2817,"date":"2016-06-13T10:47:45","date_gmt":"2016-06-13T10:47:45","guid":{"rendered":""},"modified":"2026-03-11T09:12:03","modified_gmt":"2026-03-11T14:12:03","slug":"papa-pide-trabajar-unidos-para-remover-las-causas-del-trabajo-infantil","status":"publish","type":"post","link":"https:\/\/ceas.org.pe\/index.php\/2016\/06\/13\/papa-pide-trabajar-unidos-para-remover-las-causas-del-trabajo-infantil\/","title":{"rendered":"Papa pide trabajar unidos para remover las causas del trabajo infantil"},"content":{"rendered":"<p>\u201cRenovemos todos unidos el esfuerzo para remover las causas la esclavitud, que priva a millones de ni\u00f1os de algunos derechos fundamentales y los expone a graves peligros\u201d: fueron palabras del Papa a la hora del \u00c1ngelus de este segundo domingo de junio, recordando la celebraci\u00f3n, en el d\u00eda de hoy, de la Jornada Mundial contra el trabajo infantil.<\/p>\n<p>\u00abNos unamos a la alegr\u00eda y a la acci\u00f3n de gracias de la di\u00f3cesis de Vercelli\u201d y \u201cde Monreale\u201d dijo tambi\u00e9n el Obispo de Roma recordando la beatificaci\u00f3n, en el d\u00eda de ayer del sacerdote Giacomo Abbondo, y hoy en Monreale, de la hermana Carolina Santocanale, fundadora de las Hermanas Capuchinas de la Inmaculada de Lourdes.<\/p>\n<div>En las palabras del Papa antes de rezar a la Madre de Dios y despu\u00e9s de finalizar la Santa Misa celebrada en ocasi\u00f3n del Jubileo de los enfermos y de las personas minusv\u00e1lidas, tambi\u00e9n el deseo de \u201cun fructuoso empe\u00f1o en la lucha contra la lepra\u201d, y su reconocimiento a los organizadores y participantes en el \u00a0Congreso internacional dedicado a la curaci\u00f3n de las personas afectadas por esta enfermedad, que tuvo lugar en Roma en los d\u00edas pasados.<\/div>\n<div>Finalmente, el agradecimiento especial del Pont\u00edfice a los peregrinos presentes con \u201csu condici\u00f3n de enfermedad o discapacidad\u201d llegados en ocasi\u00f3n del Jubileo de los Enfermos, con un sentido gracias tambi\u00e9n a los m\u00e9dicos y a los operadores sanitarios.<\/div>\n<div>\u00a0<\/div>\n<div>Fuente: radiovaticana.va<\/div>\n<p><a href=\"http:\/\/web.hilo.org.pe\/wp-content\/uploads\/Papafrancisco.jpg\" target=\"_blank\" rel=\"noopener\">Ver archivo adjunto<\/a><\/p>\n","protected":false},"excerpt":{"rendered":"<p>?Renovemos todos unidos el esfuerzo para remover las causas la esclavitud, que priva a millones de ni?os de algunos derechos fundamentales y los expone a graves peligros?: fueron palabras del Papa a la hora del ?ngelus de este segundo domingo de junio, recordando la celebraci?n, en el d?a de hoy, de la Jornada Mundial contra el trabajo infantil.<\/p>\n","protected":false},"author":1,"featured_media":7874,"comment_status":"closed","ping_status":"closed","sticky":false,"template":"","format":"standard","meta":{"footnotes":""},"categories":[9],"tags":[],"class_list":["post-2817","post","type-post","status-publish","format-standard","has-post-thumbnail","hentry","category-noticias"],"_links":{"self":[{"href":"https:\/\/ceas.org.pe\/index.php\/wp-json\/wp\/v2\/posts\/2817","targetHints":{"allow":["GET"]}}],"collection":[{"href":"https:\/\/ceas.org.pe\/index.php\/wp-json\/wp\/v2\/posts"}],"about":[{"href":"https:\/\/ceas.org.pe\/index.php\/wp-json\/wp\/v2\/types\/post"}],"author":[{"embeddable":true,"href":"https:\/\/ceas.org.pe\/index.php\/wp-json\/wp\/v2\/users\/1"}],"replies":[{"embeddable":true,"href":"https:\/\/ceas.org.pe\/index.php\/wp-json\/wp\/v2\/comments?post=2817"}],"version-history":[{"count":1,"href":"https:\/\/ceas.org.pe\/index.php\/wp-json\/wp\/v2\/posts\/2817\/revisions"}],"predecessor-version":[{"id":6401,"href":"https:\/\/ceas.org.pe\/index.php\/wp-json\/wp\/v2\/posts\/2817\/revisions\/6401"}],"wp:featuredmedia":[{"embeddable":true,"href":"https:\/\/ceas.org.pe\/index.php\/wp-json\/wp\/v2\/media\/7874"}],"wp:attachment":[{"href":"https:\/\/ceas.org.pe\/index.php\/wp-json\/wp\/v2\/media?parent=2817"}],"wp:term":[{"taxonomy":"category","embeddable":true,"href":"https:\/\/ceas.org.pe\/index.php\/wp-json\/wp\/v2\/categories?post=2817"},{"taxonomy":"post_tag","embeddable":true,"href":"https:\/\/ceas.org.pe\/index.php\/wp-json\/wp\/v2\/tags?post=2817"}],"curies":[{"name":"wp","href":"https:\/\/api.w.org\/{rel}","templated":true}]}}