{"id":2816,"date":"2016-06-13T10:44:07","date_gmt":"2016-06-13T10:44:07","guid":{"rendered":""},"modified":"2026-03-11T09:12:03","modified_gmt":"2026-03-11T14:12:03","slug":"coritas-del-pero-recibe-reconocimiento-del-congreso-de-la-repoblica","status":"publish","type":"post","link":"https:\/\/ceas.org.pe\/index.php\/2016\/06\/13\/coritas-del-pero-recibe-reconocimiento-del-congreso-de-la-repoblica\/","title":{"rendered":"C\u00f3ritas del Per\u00f3 recibe reconocimiento del Congreso de la Rep\u00f3blica"},"content":{"rendered":"<p>El Congreso de la Rep\u00fablica otorg\u00f3 un reconocimiento a C\u00e1ritas del Per\u00fa y C\u00e1ritas Huancavelica \u00a0por el aporte que vienen realizando al pa\u00eds en la ejecuci\u00f3n de programas y proyectos de desarrollo humano que impulsan la seguridad alimentaria y el cuidado del medio ambiente, los cuales benefician a m\u00e1s de 30 mil familias en situaci\u00f3n de pobreza cada a\u00f1o.<\/p>\n<div>\u00a0<\/div>\n<div>Del 2011 al 2015, C\u00e1ritas del Per\u00fa ha ejecutado un total de 216 proyectos con una inversi\u00f3n de S\/.100, 639,077 en diferentes l\u00edneas como alimentaci\u00f3n, desarrollo agroindustrial, turismo solidario, producci\u00f3n agropecuaria, salud y saneamiento, gobernabilidad y gesti\u00f3n local, entre otros. Los mismos que fueron financiados por organismos de cooperaci\u00f3n internacional, entidades p\u00fablicas, empresas privadas y fondos contravalor.<\/div>\n<div>\u00a0<\/div>\n<div>\u201cActualmente, nuestro Plan Estrat\u00e9gico 2011\u20132020 contin\u00faa promoviendo la seguridad alimentaria y el cuidado del medio ambiente en todo el pa\u00eds. Por ello, cada a\u00f1o ejecutamos en promedio 20 proyectos de desarrollo que benefician a m\u00e1s de 30 mil familias\u201d, sostuvo Ramiro Mendoza Medina, Secretario General de C\u00e1ritas del Per\u00fa.<\/div>\n<div>\u00a0<\/div>\n<div>A la ceremonia asistieron el Segundo Vicepresidente del Congreso de la Rep\u00fablica, Mario Portugal, el Viceministro de Gesti\u00f3n Ambiental del MINAM, Mariano Castro S\u00e1nchez-Moreno, el Vicario Episcopal para la Comisi\u00f3n de Caridad y Misericordia de la Arquidi\u00f3cesis de Lima, R. P. Luis Ayala Falla, el Secretario General de C\u00e1ritas del Per\u00fa, Ing. Ramiro Mendoza Medina, el representante del Obispado de Huancavelica, P. \u00d3scar Valenzuela Bellido, el Secretario General (e) de C\u00e1ritas Diocesana de Huancavelica, Jorge Luis Centuri\u00f3n C\u00e1rdenas y la Gerente de Desarrollo Social de la Municipalidad Metropolitana de Lima, Andrea Mat\u00edas Mu\u00f1oz de Figueroa. Tambi\u00e9n estuvieron presentes productores beneficiados por C\u00e1ritas que pertenecen a la Cuenca del r\u00edo Vilca en Huancavelica.<\/div>\n<div><strong><br \/>\n<\/strong><\/div>\n<div><strong>Sobre C\u00e1ritas del Per\u00fa<\/strong><\/div>\n<div>Es un organismo de la Iglesia Cat\u00f3lica que desde hace 60 a\u00f1os, promueve y lidera programas y proyectos de desarrollo humano integral con la finalidad de contribuir con las poblaciones m\u00e1s pobres y vulnerables del Per\u00fa, de la mano de la Red de 48 C\u00e1ritas Diocesanas distribuidas en todo el territorio nacional.<\/div>\n<div>\u00a0<\/div>\n<div>Fuente: caritas.org.pe<\/div>\n<p><a href=\"http:\/\/web.hilo.org.pe\/wp-content\/uploads\/Caritas y elcuidadomedioambiente.jpg\" target=\"_blank\" rel=\"noopener\">Ver archivo adjunto<\/a><\/p>\n","protected":false},"excerpt":{"rendered":"<p>El Congreso de la Rep?blica otorg? un reconocimiento a C?ritas del Per? y C?ritas Huancavelica  por el aporte que vienen realizando al pa?s en la ejecuci?n de programas y proyectos de desarrollo humano que impulsan la seguridad alimentaria y el cuidado del medio ambiente, los cuales benefician a m?s de 30 mil familias en situaci?n de pobreza cada a?o.<\/p>\n","protected":false},"author":1,"featured_media":7859,"comment_status":"closed","ping_status":"closed","sticky":false,"template":"","format":"standard","meta":{"footnotes":""},"categories":[9],"tags":[],"class_list":["post-2816","post","type-post","status-publish","format-standard","has-post-thumbnail","hentry","category-noticias"],"_links":{"self":[{"href":"https:\/\/ceas.org.pe\/index.php\/wp-json\/wp\/v2\/posts\/2816","targetHints":{"allow":["GET"]}}],"collection":[{"href":"https:\/\/ceas.org.pe\/index.php\/wp-json\/wp\/v2\/posts"}],"about":[{"href":"https:\/\/ceas.org.pe\/index.php\/wp-json\/wp\/v2\/types\/post"}],"author":[{"embeddable":true,"href":"https:\/\/ceas.org.pe\/index.php\/wp-json\/wp\/v2\/users\/1"}],"replies":[{"embeddable":true,"href":"https:\/\/ceas.org.pe\/index.php\/wp-json\/wp\/v2\/comments?post=2816"}],"version-history":[{"count":1,"href":"https:\/\/ceas.org.pe\/index.php\/wp-json\/wp\/v2\/posts\/2816\/revisions"}],"predecessor-version":[{"id":6402,"href":"https:\/\/ceas.org.pe\/index.php\/wp-json\/wp\/v2\/posts\/2816\/revisions\/6402"}],"wp:featuredmedia":[{"embeddable":true,"href":"https:\/\/ceas.org.pe\/index.php\/wp-json\/wp\/v2\/media\/7859"}],"wp:attachment":[{"href":"https:\/\/ceas.org.pe\/index.php\/wp-json\/wp\/v2\/media?parent=2816"}],"wp:term":[{"taxonomy":"category","embeddable":true,"href":"https:\/\/ceas.org.pe\/index.php\/wp-json\/wp\/v2\/categories?post=2816"},{"taxonomy":"post_tag","embeddable":true,"href":"https:\/\/ceas.org.pe\/index.php\/wp-json\/wp\/v2\/tags?post=2816"}],"curies":[{"name":"wp","href":"https:\/\/api.w.org\/{rel}","templated":true}]}}