{"id":2815,"date":"2016-06-10T10:12:12","date_gmt":"2016-06-10T10:12:12","guid":{"rendered":""},"modified":"2026-03-11T09:12:03","modified_gmt":"2026-03-11T14:12:03","slug":"celam-presenta-ell-tropode-boblico-teologico-que-sustenta-ouna-iglesia-en-salidao","status":"publish","type":"post","link":"https:\/\/ceas.org.pe\/index.php\/2016\/06\/10\/celam-presenta-ell-tropode-boblico-teologico-que-sustenta-ouna-iglesia-en-salidao\/","title":{"rendered":"CELAM presenta ell tr\u00f3pode b\u00f3blico-teol\u00f3gico que sustenta \u00f3una Iglesia en salida\u00f3"},"content":{"rendered":"<p>\u201cSon tres los n\u00facleos b\u00edblico-teol\u00f3gicos que alimentan las acciones del Consejo Episcopal Latinoamericano en el actual cuatrienio (2015-2019), por lo que podr\u00eda hablarse, metaf\u00f3ricamente, de un tr\u00edpode que inspira y sustenta el caminar del CELAM hacia una Iglesia en salida\u201d, explica el editorial del Noticelam 125.<\/p>\n<p>En primer lugar, indican al afirmar que \u201cJesucristo se encarna en nuestra historia para que nuestros pueblos, en \u00c9l, tengan vida\u201d, se reconoce que \u201cel misterio de la Encarnaci\u00f3n llena a todos de esperanza e incluye todas las realidades humanas llam\u00e1ndolas a la salvaci\u00f3n\u201d (Plan Global, No. 96).\u00a0<\/p>\n<div>Luego se\u00f1alan que el segundo n\u00facleo destaca el primado de \u201cuna Iglesia pobre para los pobres y en salida misionera\u201d, que desde Am\u00e9rica Latina y el Caribe tiene algunas particulares connotaciones en t\u00e9rminos de discipulado, comuni\u00f3n y comunicaci\u00f3n de la vida plena de Jesucristo a todos los pueblos, y en especial a los pobres, para transformar la realidad, en actitud de di\u00e1logo y bajo la exigencia de la conversi\u00f3n pastoral.<\/div>\n<div>Finalmente, el tercer n\u00facleo b\u00edblico-teol\u00f3gico detalla las implicaciones de ser \u201cevangelizadores con esp\u00edritu\u201d, que proclaman la alegr\u00eda de la Buena Noticia con un estilo misionero misericordioso.\u00a0<\/div>\n<div>\u00a0<\/div>\n<div>Estos tres n\u00facleos b\u00edblico-teol\u00f3gicos hacen parte de las tem\u00e1ticas que se profundizan a partir de esta edici\u00f3n del Noticelam, sin dejar de destacar otras noticias de las actividades del CELAM y de las Conferencias Episcopales del continente, como la celebraci\u00f3n del XII Congreso Nacional Misionero en Colombia, la conmemoraci\u00f3n de los 40 a\u00f1os de la Comisi\u00f3n Pastoral de la Tierra en Brasil, la carta pastoral del arzobispo de San Salvador sobre violencia y discordia en la ciudad, la vida de la Iglesia guatemalteca, y las \u201cexhortaciones post-electorales\u201d del episcopado dominicano.<\/div>\n<div>\u00a0<\/div>\n<div>Fuente: radiovaticana.va<\/div>\n<p><a href=\"http:\/\/web.hilo.org.pe\/wp-content\/uploads\/tripode biblico-teologico.jpg\" target=\"_blank\" rel=\"noopener\">Ver archivo adjunto<\/a><\/p>\n","protected":false},"excerpt":{"rendered":"<p>?Son tres los n?cleos b?blico-teol?gicos que alimentan las acciones del Consejo Episcopal Latinoamericano en el actual cuatrienio (2015-2019), por lo que podr?a hablarse, metaf?ricamente, de un tr?pode que inspira y sustenta el caminar del CELAM hacia una Iglesia en salida?, explica el editorial del Noticelam 125.<\/p>\n","protected":false},"author":1,"featured_media":7872,"comment_status":"closed","ping_status":"closed","sticky":false,"template":"","format":"standard","meta":{"footnotes":""},"categories":[9],"tags":[],"class_list":["post-2815","post","type-post","status-publish","format-standard","has-post-thumbnail","hentry","category-noticias"],"_links":{"self":[{"href":"https:\/\/ceas.org.pe\/index.php\/wp-json\/wp\/v2\/posts\/2815","targetHints":{"allow":["GET"]}}],"collection":[{"href":"https:\/\/ceas.org.pe\/index.php\/wp-json\/wp\/v2\/posts"}],"about":[{"href":"https:\/\/ceas.org.pe\/index.php\/wp-json\/wp\/v2\/types\/post"}],"author":[{"embeddable":true,"href":"https:\/\/ceas.org.pe\/index.php\/wp-json\/wp\/v2\/users\/1"}],"replies":[{"embeddable":true,"href":"https:\/\/ceas.org.pe\/index.php\/wp-json\/wp\/v2\/comments?post=2815"}],"version-history":[{"count":1,"href":"https:\/\/ceas.org.pe\/index.php\/wp-json\/wp\/v2\/posts\/2815\/revisions"}],"predecessor-version":[{"id":6403,"href":"https:\/\/ceas.org.pe\/index.php\/wp-json\/wp\/v2\/posts\/2815\/revisions\/6403"}],"wp:featuredmedia":[{"embeddable":true,"href":"https:\/\/ceas.org.pe\/index.php\/wp-json\/wp\/v2\/media\/7872"}],"wp:attachment":[{"href":"https:\/\/ceas.org.pe\/index.php\/wp-json\/wp\/v2\/media?parent=2815"}],"wp:term":[{"taxonomy":"category","embeddable":true,"href":"https:\/\/ceas.org.pe\/index.php\/wp-json\/wp\/v2\/categories?post=2815"},{"taxonomy":"post_tag","embeddable":true,"href":"https:\/\/ceas.org.pe\/index.php\/wp-json\/wp\/v2\/tags?post=2815"}],"curies":[{"name":"wp","href":"https:\/\/api.w.org\/{rel}","templated":true}]}}