{"id":2813,"date":"2016-06-09T10:06:24","date_gmt":"2016-06-09T10:06:24","guid":{"rendered":""},"modified":"2026-03-11T09:12:03","modified_gmt":"2026-03-11T14:12:03","slug":"coritas-y-el-servicio-jesuita-a-refugiados-denuncian-las-orutas-mortaleso-para-entrar-en-europa","status":"publish","type":"post","link":"https:\/\/ceas.org.pe\/index.php\/2016\/06\/09\/coritas-y-el-servicio-jesuita-a-refugiados-denuncian-las-orutas-mortaleso-para-entrar-en-europa\/","title":{"rendered":"C\u00f3ritas y el Servicio Jesuita a Refugiados denuncian las \u00f3rutas mortales\u00f3 para entrar en Europa"},"content":{"rendered":"<p>C\u00e1ritas Europa y el Servicio Jesuita a Refugiados (SJR), han publicado este mi\u00e9rcoles una nota conjunta ante la reuni\u00f3n que se celebra ma\u00f1ana jueves en Bruselas, de todos los ministros que forman parte del Consejo Europeo de Justicia e Interior. De este modo han querido alertar sobre las \u201crutas mortales\u201d que muchos refugiados se ven obligados a tomar. Asimismo, piden a los dirigentes europeos modificar la pol\u00edtica migratoria.<\/p>\n<div>\u00a0<\/div>\n<div>Por esta raz\u00f3n, advierten en el comunicado que \u201clas pol\u00edticas centradas en la disuasi\u00f3n, incluido el acuerdo con Turqu\u00eda, no est\u00e1n sirviendo para detener a las personas que tratan de llegar a nuestros pa\u00edses. Por el contrario, est\u00e1n prolongando el sufrimiento de estas personas y empuj\u00e1ndolas a ponerse en manos de contrabandistas y traficantes, y a recurrir a v\u00edas de entrada a\u00fan m\u00e1s peligrosas\u201d.<\/div>\n<div>\u00a0<\/div>\n<div>Por poner un ejemplo, cuentan la historia de una joven siria que explicaba hace unos d\u00edas a un trabajador de C\u00e1ritas Grecia, que fue v\u00edctima de abusos sexuales por el camino y tuvo que recurrir a traficantes para cruzar el mar Egeo y librarse de su agresor. \u201cNo pude encontrar otra manera de venir a Europa. Deseaba hacerlo de una forma segura, legal. Pero mi \u00fanica alternativa era ser pasada de contrabando para cruzar a Grecia. Sab\u00eda que era algo peligroso, pero estaba desesperada. Tuve que cruzar para salvar mi vida y lo poco que queda de mi alma\u201d, contaba la joven.<\/div>\n<div>\u00a0<\/div>\n<div>Seg\u00fan los \u00faltimos informes, m\u00e1s de un millar de migrantes han muerto en menos de una semana intentando cruzar el Mediterr\u00e1neo. Su intento por alcanzar la Uni\u00f3n Europea muestra, seg\u00fan C\u00e1ritas y el SJR, \u201clo grave y aterrador de su situaci\u00f3n\u201d.<\/div>\n<div>\u00a0<\/div>\n<div>\u201cComo afirma el Papa Francisco, C\u00e1ritas sue\u00f1a con una Europa que reconozca la aportaci\u00f3n necesaria de los inmigrantes a nuestras sociedades y se comprometa a respetar la dignidad de cada ser humano\u201d, asegura el secretario general de C\u00e1ritas Europa, Jorge Nu\u00f1o Mayer.<\/div>\n<div>\u00a0<\/div>\n<div>En el comunicado conjunto propone seis medidas concretas para afrontar esta situaci\u00f3n: abrir canales seguros y legales de entrada en la UE; un visado humanitario, que sea asequible y f\u00e1cilmente accesible a trav\u00e9s de cualquier Embajada en los pa\u00edses de origen y tr\u00e1nsito; facilitar la reunificaci\u00f3n familiar de refugiados y migrantes; ampliar los programas de admisi\u00f3n por razones humanitarias; m\u00e1s planes de reasentamiento; y levantar los requisitos de visado cuando est\u00e9 justificado por motivos humanitarios.<\/div>\n<div>\u00a0<\/div>\n<div>Por su parte, el director regional de JRS Europa, Jean-Marie Carri\u00e8re, recuerda que \u201cEuropa puede salvar y proteger a las personas\u201d. \u201cEs s\u00f3lo cuesti\u00f3n de voluntad pol\u00edtica proporcionar a estas personas formas seguras para entrar en Europa sin riesgo para sus vidas. Es tiempo de defender y aplicar la misma Convenci\u00f3n que los europeos adoptaron despu\u00e9s de la Segunda Guerra Mundial y actuar en base a nuestros valores fundacionales\u201d, concluye.<\/div>\n<div>\u00a0<\/div>\n<div>Fuente: zenit.org<\/div>\n<p><a href=\"http:\/\/web.hilo.org.pe\/wp-content\/uploads\/Refugiados.jpg\" target=\"_blank\" rel=\"noopener\">Ver archivo adjunto<\/a><\/p>\n","protected":false},"excerpt":{"rendered":"<p>C?ritas Europa y el Servicio Jesuita a Refugiados (SJR), han publicado este mi?rcoles una nota conjunta ante la reuni?n que se celebra ma?ana jueves en Bruselas, de todos los ministros que forman parte del Consejo Europeo de Justicia e Interior. De este modo han querido alertar sobre las ?rutas mortales? que muchos refugiados se ven obligados a tomar. Asimismo, piden a los dirigentes europeos modificar la pol?tica migratoria.<\/p>\n","protected":false},"author":1,"featured_media":8101,"comment_status":"closed","ping_status":"closed","sticky":false,"template":"","format":"standard","meta":{"footnotes":""},"categories":[9],"tags":[],"class_list":["post-2813","post","type-post","status-publish","format-standard","has-post-thumbnail","hentry","category-noticias"],"_links":{"self":[{"href":"https:\/\/ceas.org.pe\/index.php\/wp-json\/wp\/v2\/posts\/2813","targetHints":{"allow":["GET"]}}],"collection":[{"href":"https:\/\/ceas.org.pe\/index.php\/wp-json\/wp\/v2\/posts"}],"about":[{"href":"https:\/\/ceas.org.pe\/index.php\/wp-json\/wp\/v2\/types\/post"}],"author":[{"embeddable":true,"href":"https:\/\/ceas.org.pe\/index.php\/wp-json\/wp\/v2\/users\/1"}],"replies":[{"embeddable":true,"href":"https:\/\/ceas.org.pe\/index.php\/wp-json\/wp\/v2\/comments?post=2813"}],"version-history":[{"count":1,"href":"https:\/\/ceas.org.pe\/index.php\/wp-json\/wp\/v2\/posts\/2813\/revisions"}],"predecessor-version":[{"id":6405,"href":"https:\/\/ceas.org.pe\/index.php\/wp-json\/wp\/v2\/posts\/2813\/revisions\/6405"}],"wp:featuredmedia":[{"embeddable":true,"href":"https:\/\/ceas.org.pe\/index.php\/wp-json\/wp\/v2\/media\/8101"}],"wp:attachment":[{"href":"https:\/\/ceas.org.pe\/index.php\/wp-json\/wp\/v2\/media?parent=2813"}],"wp:term":[{"taxonomy":"category","embeddable":true,"href":"https:\/\/ceas.org.pe\/index.php\/wp-json\/wp\/v2\/categories?post=2813"},{"taxonomy":"post_tag","embeddable":true,"href":"https:\/\/ceas.org.pe\/index.php\/wp-json\/wp\/v2\/tags?post=2813"}],"curies":[{"name":"wp","href":"https:\/\/api.w.org\/{rel}","templated":true}]}}