{"id":2811,"date":"2016-06-07T17:11:56","date_gmt":"2016-06-07T17:11:56","guid":{"rendered":""},"modified":"2026-03-11T09:12:03","modified_gmt":"2026-03-11T14:12:03","slug":"iglesia-en-espaoa-presenta-un-decologo-para-el-cuidado-del-medio-ambiente","status":"publish","type":"post","link":"https:\/\/ceas.org.pe\/index.php\/2016\/06\/07\/iglesia-en-espaoa-presenta-un-decologo-para-el-cuidado-del-medio-ambiente\/","title":{"rendered":"Iglesia en Espa\u00f3a presenta un dec\u00f3logo para el cuidado del medio ambiente"},"content":{"rendered":"<p>Las entidades de la Iglesia cat\u00f3lica en Espa\u00f1a, dedicadas a la cooperaci\u00f3n internacional y que forman parte de la iniciativa \u201cEnl\u00e1zate por la Justicia\u201d, han puesto en marcha una campa\u00f1a centrada en el cuidado de la Creaci\u00f3n, inspiradas por la enc\u00edclica Laudato Si\u2019.<\/p>\n<div>\u00a0<\/div>\n<div>Con esta iniciativa, que se lanza \u00a0bajo el lema \u201cSi cuidas el planeta, combates la pobreza\u201d, C\u00e1ritas, CONFER, Justicia y Paz, Manos Unidas y REDES (Red de Entidades para el Desarrollo Solidario) pretenden \u201csensibilizar a toda la ciudadan\u00eda para que se comprometa en la defensa de un modelo distinto de desarrollo, justo, solidario y sostenible, y para que cambie sus h\u00e1bitos de consumo y estilos de vida\u201d, explican en una nota de presentaci\u00f3n.<\/div>\n<div>\u00a0<\/div>\n<div>La campa\u00f1a se ha presentado hoy en Madrid, en una rueda de prensa en la que han intervenido Ana Isabel Gonz\u00e1lez, responsable del \u00c1rea de Justicia y Solidaridad de CONFER; Jaime Palacio, miembro de la Secretar\u00eda T\u00e9cnica de REDES; e Ivaneide Ramos, representante de C\u00e1ritas de Par\u00e1 (Brasil) y de la REPAM (Red Eclesial Panamaz\u00f3nica).<\/div>\n<div>\u00a0<\/div>\n<div>La campa\u00f1a se ha marcado una amplia agenda de actividades, que van desde su difusi\u00f3n en todos los \u00e1mbitos de la comunidad eclesial en Espa\u00f1a hasta la elaboraci\u00f3n de una gu\u00eda de recursos locales de econom\u00eda solidaria y estilos de vida alternativos, junto al desarrollo de la interlocuci\u00f3n con los agentes pol\u00edticos y las Administraciones para lograr el cumplimiento efectivo de los compromisos de Espa\u00f1a con los ODS (Objetivos de Desarrollo Sostenible) a nivel estatal e internacional.<\/div>\n<div>\u00a0<\/div>\n<div>Otro de los frentes prioritarios de actuaci\u00f3n se centrar\u00e1 en el marco legislativo, para garantizar el respeto de los derechos humanos en la actividad empresarial, especialmente en los lugares del planeta y las comunidades m\u00e1s vulnerables, como es la regi\u00f3n amaz\u00f3nica y las poblaciones ind\u00edgenas.<\/div>\n<div>\u00a0<\/div>\n<div>Como se ha se\u00f1alado en el acto informativo, la enc\u00edclica Laudato Si\u2019 supone, por una parte, una invitaci\u00f3n a reflexionar y a participar en una aut\u00e9ntica ecolog\u00eda humana, porque \u201cno hay dos crisis separadas, una ambiental y otra social, sino una sola y compleja crisis socio-ambiental\u201d. Y, por otra, \u00a0es \u201cuna llamada a responder al gran desaf\u00edo que plantea la crisis econ\u00f3mica, social y ambiental que hoy amenaza al planeta y a la humanidad, donde los pobres son las principales v\u00edctimas\u201d.<\/div>\n<div>\u00a0<\/div>\n<div>Por ese motivo la iniciativa \u201cEnl\u00e1zate por la Justicia\u201d, que desde 2012 agrupa a las cinco entidades de la Iglesia cat\u00f3lica en Espa\u00f1a dedicadas a la cooperaci\u00f3n internacional, ha decidido sumarse a esa misi\u00f3n compartida con una campa\u00f1a de dos a\u00f1os.<\/div>\n<div>\u00a0<\/div>\n<div>Esta propuesta se marca como principal objetivo \u201csensibilizar a la comunidad eclesial y a toda la sociedad sobre las consecuencias que el modelo de desarrollo actual y nuestros estilos de vida tienen sobre el planeta y, espec\u00edficamente, sobre la vida de las personas m\u00e1s vulnerables\u201d. Otra de las metas de la campa\u00f1a, explica el comunicado, es la de \u201cpropiciar un cambio en los modos de vivir personales y comunitarios, y en las decisiones pol\u00edticas para contribuir, desde varias esferas, a construir una sociedad solidaria y un planeta habitable para todos los pueblos, no solo hoy, sino pensando en el ma\u00f1ana, y en las generaciones futuras\u201d.<\/div>\n<div>\u00a0<\/div>\n<div>Como gu\u00eda de la Campa\u00f1a se va a utilizar un dec\u00e1logo inspirado en la enc\u00edclica, que resume los retos fundamentales a los que nos enfrentamos. Cada dos meses se abordar\u00e1 uno de estos 10 principios a trav\u00e9s de la reflexi\u00f3n, la oraci\u00f3n, el testimonio de los empobrecidos, los compromisos personales y las propuestas de acciones.<\/div>\n<div>\u00a0<\/div>\n<div>Los diez principios<\/div>\n<div>\u00a0<\/div>\n<div>Apoyar\u00e1s la causa de los pobres (septiembre-octubre 2016)<\/div>\n<div>Redescubrir\u00e1s el valor de la simplicidad en tu propia vida (noviembre-diciembre 2016)<\/div>\n<div>Valorar\u00e1s la importancia de tus comportamientos cotidianos (enero-febrero 2017)<\/div>\n<div>Apreciar\u00e1s la diversidad de nuestro mundo (marzo-abril 2017)<\/div>\n<div>Animar\u00e1s una conversi\u00f3n personal, eclesial y comunitaria (mayo-junio 2017)<\/div>\n<div>Impulsar\u00e1s las decisiones necesarias, aunque sean costosas (julio-agosto 2017)<\/div>\n<div>No supeditar\u00e1s tu acci\u00f3n a los intereses econ\u00f3micos (septiembre-octubre. 2017)<\/div>\n<div>Bucear\u00e1s en tu propia tradici\u00f3n espiritual (noviembre-diciembre 2018)<\/div>\n<div>Asumir\u00e1s los consensos cient\u00edficos (enero-febrero 2018)<\/div>\n<div>Superar\u00e1s el paradigma tecnocr\u00e1tico (marzo-abril 2018)<\/div>\n<div>Por otro lado, durante la rueda de prensa se ha alertado de que el modelo de desarrollo econ\u00f3mico, basado en el crecimiento del consumo, es \u201cinsostenible con el ritmo y la capacidad del planeta\u201d. Adem\u00e1s, \u201cgenera desigualdad social\u201d y \u201cquebranta los derechos de las personas m\u00e1s vulnerables, especialmente en aquellos pa\u00edses menos desarrollados que padecen la lucha global por los recursos naturales que son considerados estrat\u00e9gicos\u201d.<\/div>\n<div>\u00a0<\/div>\n<div>Las entidades que integran \u201cEnl\u00e1zate por la Justicia\u201d ven necesario \u201cun verdadero compromiso por parte de los agentes con poder pol\u00edtico y econ\u00f3mico\u201d.<\/div>\n<div>\u00a0<\/div>\n<div>Fuente: zenit.org<\/div>\n<p><a href=\"http:\/\/web.hilo.org.pe\/wp-content\/uploads\/Decalogoparacuidadomedioambiente.png\" target=\"_blank\" rel=\"noopener\">Ver archivo adjunto<\/a><\/p>\n","protected":false},"excerpt":{"rendered":"<p>Las entidades de la Iglesia cat?lica en Espa?a, dedicadas a la cooperaci?n internacional y que forman parte de la iniciativa ?Enl?zate por la Justicia?, han puesto en marcha una campa?a centrada en el cuidado de la Creaci?n, inspiradas por la enc?clica Laudato Si?.<\/p>\n","protected":false},"author":1,"featured_media":7857,"comment_status":"closed","ping_status":"closed","sticky":false,"template":"","format":"standard","meta":{"footnotes":""},"categories":[9],"tags":[],"class_list":["post-2811","post","type-post","status-publish","format-standard","has-post-thumbnail","hentry","category-noticias"],"_links":{"self":[{"href":"https:\/\/ceas.org.pe\/index.php\/wp-json\/wp\/v2\/posts\/2811","targetHints":{"allow":["GET"]}}],"collection":[{"href":"https:\/\/ceas.org.pe\/index.php\/wp-json\/wp\/v2\/posts"}],"about":[{"href":"https:\/\/ceas.org.pe\/index.php\/wp-json\/wp\/v2\/types\/post"}],"author":[{"embeddable":true,"href":"https:\/\/ceas.org.pe\/index.php\/wp-json\/wp\/v2\/users\/1"}],"replies":[{"embeddable":true,"href":"https:\/\/ceas.org.pe\/index.php\/wp-json\/wp\/v2\/comments?post=2811"}],"version-history":[{"count":1,"href":"https:\/\/ceas.org.pe\/index.php\/wp-json\/wp\/v2\/posts\/2811\/revisions"}],"predecessor-version":[{"id":6407,"href":"https:\/\/ceas.org.pe\/index.php\/wp-json\/wp\/v2\/posts\/2811\/revisions\/6407"}],"wp:featuredmedia":[{"embeddable":true,"href":"https:\/\/ceas.org.pe\/index.php\/wp-json\/wp\/v2\/media\/7857"}],"wp:attachment":[{"href":"https:\/\/ceas.org.pe\/index.php\/wp-json\/wp\/v2\/media?parent=2811"}],"wp:term":[{"taxonomy":"category","embeddable":true,"href":"https:\/\/ceas.org.pe\/index.php\/wp-json\/wp\/v2\/categories?post=2811"},{"taxonomy":"post_tag","embeddable":true,"href":"https:\/\/ceas.org.pe\/index.php\/wp-json\/wp\/v2\/tags?post=2811"}],"curies":[{"name":"wp","href":"https:\/\/api.w.org\/{rel}","templated":true}]}}