{"id":2808,"date":"2016-06-03T13:28:17","date_gmt":"2016-06-03T13:28:17","guid":{"rendered":""},"modified":"2026-03-11T09:12:03","modified_gmt":"2026-03-11T14:12:03","slug":"arzobispo-del-cusco-celebro-jornada-mundial-de-las-comunicaciones-sociales","status":"publish","type":"post","link":"https:\/\/ceas.org.pe\/index.php\/2016\/06\/03\/arzobispo-del-cusco-celebro-jornada-mundial-de-las-comunicaciones-sociales\/","title":{"rendered":"Arzobispo del Cusco celebr\u00f3 Jornada Mundial de las Comunicaciones Sociales"},"content":{"rendered":"<p>La Arquidi\u00f3cesis del Cusco, a trav\u00e9s de la Comisi\u00f3n Arquidiocesana de Medios de Comunicaci\u00f3n Social, organiz\u00f3 ayer un encuentro fraterno con los hombres que ejercen el periodismo en nuestra ciudad, con motivo de celebrarse durante el mes de mayo, la 50\u00b0 Jornada Mundial de las Comunicaciones Sociales, que la Iglesia Cat\u00f3lica celebra a nivel mundial.<\/p>\n<div>\u00a0<\/div>\n<div>Este encuentro se inici\u00f3 con la celebraci\u00f3n Eucar\u00edstica, presidida por Mons. Richard Daniel Alarc\u00f3n Urrutia, Arzobispo Metropolitano del Cusco y concelebrada por sacerdotes del Clero Arquidiocesano. Durante su homil\u00eda el Pastor de la Iglesia local resalt\u00f3 el lema de esta jornada: \u201cComunicaci\u00f3n y Misericordia: un camino fecundo\u201d, dijo, que este lema nos orienta a reflexionar y nos ayuda en el trabajo de la comunicaci\u00f3n de la Iglesia y c\u00f3mo hacerlos de mejor manera. Asimismo, se\u00f1al\u00f3 que el contexto de este A\u00f1o Santo de la Misericordia nos ayudar\u00e1 a mejorar el ambiente para que la comunicaci\u00f3n entre las personas sea m\u00e1s eficaz, fruct\u00edfero y comuniquemos sin exclusi\u00f3n, creando puentes entre las personas, las familias, los grupos sociales y los pueblos.<\/div>\n<div>\u00a0<\/div>\n<div>Finalizada la celebraci\u00f3n Eucar\u00edstica, el Arzobispo Metropolitano del Cusco y todos los profesionales en comunicaciones que se hicieron presente en esta reuni\u00f3n tuvieron un agradable momento de compartir.<\/div>\n<div>\u00a0<\/div>\n<div>Fuente: arzobispadodelcusco.org<\/div>\n<p><a href=\"http:\/\/web.hilo.org.pe\/wp-content\/uploads\/Arzobispocusco.jpg\" target=\"_blank\" rel=\"noopener\">Ver archivo adjunto<\/a><\/p>\n","protected":false},"excerpt":{"rendered":"<p>La Arquidi?cesis del Cusco, a trav?s de la Comisi?n Arquidiocesana de Medios de Comunicaci?n Social, organiz? ayer un encuentro fraterno con los hombres que ejercen el periodismo en nuestra ciudad, con motivo de celebrarse durante el mes de mayo, la 50? Jornada Mundial de las Comunicaciones Sociales, que la Iglesia Cat?lica celebra a nivel mundial.<\/p>\n","protected":false},"author":1,"featured_media":7931,"comment_status":"closed","ping_status":"closed","sticky":false,"template":"","format":"standard","meta":{"footnotes":""},"categories":[9],"tags":[],"class_list":["post-2808","post","type-post","status-publish","format-standard","has-post-thumbnail","hentry","category-noticias"],"_links":{"self":[{"href":"https:\/\/ceas.org.pe\/index.php\/wp-json\/wp\/v2\/posts\/2808","targetHints":{"allow":["GET"]}}],"collection":[{"href":"https:\/\/ceas.org.pe\/index.php\/wp-json\/wp\/v2\/posts"}],"about":[{"href":"https:\/\/ceas.org.pe\/index.php\/wp-json\/wp\/v2\/types\/post"}],"author":[{"embeddable":true,"href":"https:\/\/ceas.org.pe\/index.php\/wp-json\/wp\/v2\/users\/1"}],"replies":[{"embeddable":true,"href":"https:\/\/ceas.org.pe\/index.php\/wp-json\/wp\/v2\/comments?post=2808"}],"version-history":[{"count":1,"href":"https:\/\/ceas.org.pe\/index.php\/wp-json\/wp\/v2\/posts\/2808\/revisions"}],"predecessor-version":[{"id":6410,"href":"https:\/\/ceas.org.pe\/index.php\/wp-json\/wp\/v2\/posts\/2808\/revisions\/6410"}],"wp:featuredmedia":[{"embeddable":true,"href":"https:\/\/ceas.org.pe\/index.php\/wp-json\/wp\/v2\/media\/7931"}],"wp:attachment":[{"href":"https:\/\/ceas.org.pe\/index.php\/wp-json\/wp\/v2\/media?parent=2808"}],"wp:term":[{"taxonomy":"category","embeddable":true,"href":"https:\/\/ceas.org.pe\/index.php\/wp-json\/wp\/v2\/categories?post=2808"},{"taxonomy":"post_tag","embeddable":true,"href":"https:\/\/ceas.org.pe\/index.php\/wp-json\/wp\/v2\/tags?post=2808"}],"curies":[{"name":"wp","href":"https:\/\/api.w.org\/{rel}","templated":true}]}}