{"id":2807,"date":"2016-06-03T13:00:05","date_gmt":"2016-06-03T13:00:05","guid":{"rendered":""},"modified":"2026-03-11T09:12:03","modified_gmt":"2026-03-11T14:12:03","slug":"cumbre-mundial-de-jueces-contra-la-trata-de-personas-se-realiza-en-el-vaticano","status":"publish","type":"post","link":"https:\/\/ceas.org.pe\/index.php\/2016\/06\/03\/cumbre-mundial-de-jueces-contra-la-trata-de-personas-se-realiza-en-el-vaticano\/","title":{"rendered":"Cumbre mundial de jueces contra la trata de personas se realiza en el Vaticano"},"content":{"rendered":"<p>Una cumbre de jueces contra la trata de personas y el crimen organizado, en la que participar\u00e1n unos 100 expositores del mundo y veedores de 30 pa\u00edses, inicia hoy en el Vaticano y concluye ma\u00f1ana s\u00e1bado. Organizada por la Academia Pontificia de Ciencias Sociales, se desarrollar\u00e1 en su sede, la Casina P\u00edo IV, y tendr\u00e1 un encuentro con el papa Francisco.<\/p>\n<div>\u00a0<\/div>\n<div>El canciller de la Academia Pontificia de las Ciencias, Mons. Marcelo S\u00e1nchez Sorondo se\u00f1alo que \u201cel deseo del Papa Francisco es empoderar a los jueces para que tomen cabal conciencia de su insustituible misi\u00f3n frente a los desaf\u00edos de la globalizaci\u00f3n de la indiferencia\u201d de manera que respondan \u201ca este llamado de la sociedad independientemente de la presi\u00f3n de los gobiernos, de las instituciones privadas y, naturalmente, del crimen organizado\u201d.<\/div>\n<div>\u00a0<\/div>\n<div>Las cifras que maneja la Academia Pontificia son \u201c40 millones de personas que sufren nuevas formas de esclavitud y trata de personas, ya sea en las figuras de trabajo forzado, prostituci\u00f3n, venta de \u00f3rganos o narcotr\u00e1fico\u201d. A lo que se suma como consecuencia de las guerras, del terrorismo y del cambio clim\u00e1tico, \u201c60 millones de desplazados y 130 millones de refugiados que son el caldo de cultivo de los traficantes\u201d.<\/div>\n<div>\u00a0<\/div>\n<div>Son los jueces quienes \u201cest\u00e1n llamados a tomar plena conciencia de este desaf\u00edo\u201d, se\u00f1ala Mons. S\u00e1nchez Sorondo, y para ello es necesario \u201ccompartir sus experiencias\u201d, as\u00ed como \u201csaber de los jueces c\u00f3mo encaran el problema de la trata sexual, del trabajo esclavo, de la venta de \u00f3rganos, del narcotr\u00e1fico y del crimen organizado\u201d.<\/div>\n<div>\u00a0<\/div>\n<div>Adem\u00e1s de entender en profundidad \u201cc\u00f3mo los sistemas judiciales podr\u00edan incorporar mejor nuestros valores humanitarios; y c\u00f3mo la formaci\u00f3n de capacidades podr\u00eda hacer que los jueces, adem\u00e1s de condenar a los responsables, pongan m\u00e1s atenci\u00f3n en las necesidades de las v\u00edctimas\u201d.<\/div>\n<div>\u00a0<\/div>\n<div>El programa prev\u00e9 que cada juez exponga en breves minutos un caso concreto que debido juzgar y compartir su visi\u00f3n de las necesidades futuras en el propio campo.<\/div>\n<div>\u00a0<\/div>\n<div>\u201cTambi\u00e9n ser\u00eda importante \u2013se\u00f1ala en canciller\u2013 que los presidentes de las Cortes o los abogados que hayan reflexionado sobre este tema tracen un panorama general\u201d. La cumbre deber\u00e1 concluir con un llamado com\u00fan a la acci\u00f3n de la justicia.<\/div>\n<div>\u00a0<\/div>\n<div>Fuente. zenit.org<\/div>\n<p><a href=\"http:\/\/web.hilo.org.pe\/wp-content\/uploads\/Cumbremundial.jpg\" target=\"_blank\" rel=\"noopener\">Ver archivo adjunto<\/a><\/p>\n","protected":false},"excerpt":{"rendered":"<p>Una cumbre de jueces contra la trata de personas y el crimen organizado, en la que participar?n unos 100 expositores del mundo y veedores de 30 pa?ses, inicia hoy en el Vaticano y concluye ma?ana s?bado. Organizada por la Academia Pontificia de Ciencias Sociales, se desarrollar? en su sede, la Casina P?o IV, y tendr? un encuentro con el papa Francisco.<\/p>\n","protected":false},"author":1,"featured_media":7895,"comment_status":"closed","ping_status":"closed","sticky":false,"template":"","format":"standard","meta":{"footnotes":""},"categories":[9],"tags":[],"class_list":["post-2807","post","type-post","status-publish","format-standard","has-post-thumbnail","hentry","category-noticias"],"_links":{"self":[{"href":"https:\/\/ceas.org.pe\/index.php\/wp-json\/wp\/v2\/posts\/2807","targetHints":{"allow":["GET"]}}],"collection":[{"href":"https:\/\/ceas.org.pe\/index.php\/wp-json\/wp\/v2\/posts"}],"about":[{"href":"https:\/\/ceas.org.pe\/index.php\/wp-json\/wp\/v2\/types\/post"}],"author":[{"embeddable":true,"href":"https:\/\/ceas.org.pe\/index.php\/wp-json\/wp\/v2\/users\/1"}],"replies":[{"embeddable":true,"href":"https:\/\/ceas.org.pe\/index.php\/wp-json\/wp\/v2\/comments?post=2807"}],"version-history":[{"count":1,"href":"https:\/\/ceas.org.pe\/index.php\/wp-json\/wp\/v2\/posts\/2807\/revisions"}],"predecessor-version":[{"id":6411,"href":"https:\/\/ceas.org.pe\/index.php\/wp-json\/wp\/v2\/posts\/2807\/revisions\/6411"}],"wp:featuredmedia":[{"embeddable":true,"href":"https:\/\/ceas.org.pe\/index.php\/wp-json\/wp\/v2\/media\/7895"}],"wp:attachment":[{"href":"https:\/\/ceas.org.pe\/index.php\/wp-json\/wp\/v2\/media?parent=2807"}],"wp:term":[{"taxonomy":"category","embeddable":true,"href":"https:\/\/ceas.org.pe\/index.php\/wp-json\/wp\/v2\/categories?post=2807"},{"taxonomy":"post_tag","embeddable":true,"href":"https:\/\/ceas.org.pe\/index.php\/wp-json\/wp\/v2\/tags?post=2807"}],"curies":[{"name":"wp","href":"https:\/\/api.w.org\/{rel}","templated":true}]}}