{"id":2806,"date":"2016-06-02T11:24:50","date_gmt":"2016-06-02T11:24:50","guid":{"rendered":""},"modified":"2026-03-11T09:12:03","modified_gmt":"2026-03-11T14:12:03","slug":"actividades-por-el-prrimer-aniversario-de-laudato-si","status":"publish","type":"post","link":"https:\/\/ceas.org.pe\/index.php\/2016\/06\/02\/actividades-por-el-prrimer-aniversario-de-laudato-si\/","title":{"rendered":"Actividades por el prrimer aniversario de Laudato Si"},"content":{"rendered":"<p>Tras un a\u00f1o de la publicaci\u00f3n de la carta enc\u00edclica Laudato Si\u2019, del papa Francisco, \u201csobre el cuidado de la casa com\u00fan\u201d, el Movimiento Cat\u00f3lico Mundial por el Clima (MCMC) y una amplia red internacional de instituciones cat\u00f3licas se han propuesto conmemorar su primer aniversario a trav\u00e9s del evento Semana Laudato Si\u2019.<\/p>\n<div>\u00a0<\/div>\n<div>La iniciativa tendr\u00e1 lugar del 12 al 19 de junio, con la participaci\u00f3n de instituciones a nivel local, regional, nacional e internacional, muchas de ellas vinculadas a la escuela cat\u00f3lica \u2013con la participaci\u00f3n de la Confederaci\u00f3n Interamericana de Educaci\u00f3n Cat\u00f3lica (CIEC) como convocante\u2013, otras pertenecientes a la vida religiosa \u2013incluyendo a la Leadership Conference of Women Religious (LCWR) de los Estados Unidos\u2013 y otras m\u00e1s, vinculadas a iniciativa de Justicia, Paz e Integridad de la Creaci\u00f3n (JPIC).<\/div>\n<div>\u00a0<\/div>\n<div>Con el prop\u00f3sito de actuar localmente para construir un clima m\u00e1s sostenible y saludable para las futuras generaciones y dar testimonio de lo que el papa Francisco llama \u201cel evangelio de la creaci\u00f3n\u201d, el MCMC propone a las parroquias, escuelas, casas de retiros y otras organizaciones cat\u00f3licas \u201cunirse en una sola voz y tomar medidas para acoger actividades en cada comunidad, tales como talleres educativos, jornadas de acci\u00f3n por la comunidad, retiros y seminarios\u201d, todos ellos referidos a la carta enc\u00edclica Laudato Si\u2019.<\/div>\n<div>\u00a0<\/div>\n<div>Adem\u00e1s, la MCMC ha dispuesto en el sitio web ladatosiweek.org una variedad de recursos para apoyar acciones conmemorativas y formativas, con un esp\u00edritu eminentemente participativo. Asimismo, las instituciones y organizaciones que deseen adherirse a la iniciativa, pueden registrar su evento a trav\u00e9s de este sitio web. \u201cEstamos buscando al menos 1.000 parroquias, comunidades y escuelas alrededor del mundo que sean anfitrionas de un evento sobre Laudato Si\u2019 para poner la enc\u00edclica en acci\u00f3n\u201d, han se\u00f1alado los organizadores.<\/div>\n<div>\u00a0<\/div>\n<div>Entre las acciones sugeridas para desarrollar durante la Semana Laudato Si\u2019 se encuentran las siguientes:<\/div>\n<div>\u00a0<\/div>\n<div>&#8211; Organizar un taller educativo sobre Laudato Si\u2019 y la crisis ecol\u00f3gica.\u00a0<\/div>\n<div>\u00a0<\/div>\n<div>&#8211; Unirse o convocar a un evento interreligioso como parte de la celebraci\u00f3n \u201cTierra Sagrada, Verdad Sagrada\u201d, el 12 de Junio.<\/div>\n<div>\u00a0<\/div>\n<div>&#8211; Convocar a una jornada de oraci\u00f3n con el tema de la creaci\u00f3n (Eucarist\u00eda, Santo Rosario, adoraci\u00f3n Eucar\u00edstica, Liturgia de las Horas, etc.).\u00a0<\/div>\n<div>\u00a0<\/div>\n<div>&#8211; Anunciar una iniciativa \u201cverde\u201d en una comunidad, ya sea la instalaci\u00f3n de paneles solares, acondicionamientos ecol\u00f3gicos para edificios, una campa\u00f1a local para el apoyo de energ\u00eda limpia, siembra de \u00e1rboles o elaboraci\u00f3n de murales Laudato Si\u2019.<\/div>\n<div>\u00a0<\/div>\n<div>&#8211; Lanzar p\u00fablicamente un cap\u00edtulo local o regional del MCMC.\u00a0<\/div>\n<div>\u00a0<\/div>\n<div>&#8211; Recolecci\u00f3n de firmas de la Petici\u00f3n Cat\u00f3lica por el Clima despu\u00e9s de las Misas del Domingo y entrega de las mismas a las autoridades locales o nacionales. \u00a0<\/div>\n<div>\u00a0<\/div>\n<div>&#8211; Organizar una acci\u00f3n (Ej. evento art\u00edstico, flash mob, marcha) en un lugar de contaminaci\u00f3n para resaltar los problemas ambientales a nivel local.<\/div>\n<div>\u00a0<\/div>\n<div>Se puede acceder a los eventos registrados hasta el momento a trav\u00e9s del link: http:\/\/laudatosiweek.org\/index.php\/events\/<\/div>\n<div>\u00a0<\/div>\n<div>El Movimiento Cat\u00f3lico Mundial por el Clima (MCMC) fue fundado en 2015 con la misi\u00f3n de atraer a todos los Cat\u00f3licos a nivel global para juntos hacer frente a esta crisis clim\u00e1tica. En diciembre de 2015 present\u00f3 la Petici\u00f3n Catolica por el Clima, la cual fue apoyada por el papa Francisco, a los l\u00edderes mundiales reunidos en el COP21 en Paris, Francia. La petici\u00f3n fue firmada por cerca de 1 mill\u00f3n de cat\u00f3licos, haciendo un llamado a los l\u00edderes mundiales a crear ambiciosas leyes vinculantes para hacer frente a la crisis clim\u00e1tica.<\/div>\n<div>\u00a0<\/div>\n<div>Autor: Dpto. de Comunicaci\u00f3n y Prensa del CELAM<\/div>\n<div>Fuente y foto: laudatosiweek.org<\/div>\n<div>\u00a0<\/div>\n<p><a href=\"http:\/\/web.hilo.org.pe\/wp-content\/uploads\/LAUDATOSI.jpg\" target=\"_blank\" rel=\"noopener\">Ver archivo adjunto<\/a><\/p>\n","protected":false},"excerpt":{"rendered":"<p>Tras un a?o de la publicaci?n de la carta enc?clica Laudato Si?, del papa Francisco, ?sobre el cuidado de la casa com?n?, el Movimiento Cat?lico Mundial por el Clima (MCMC) y una amplia red internacional de instituciones cat?licas se han propuesto conmemorar su primer aniversario a trav?s del evento Semana Laudato Si?.<\/p>\n","protected":false},"author":1,"featured_media":8069,"comment_status":"closed","ping_status":"closed","sticky":false,"template":"","format":"standard","meta":{"footnotes":""},"categories":[9],"tags":[],"class_list":["post-2806","post","type-post","status-publish","format-standard","has-post-thumbnail","hentry","category-noticias"],"_links":{"self":[{"href":"https:\/\/ceas.org.pe\/index.php\/wp-json\/wp\/v2\/posts\/2806","targetHints":{"allow":["GET"]}}],"collection":[{"href":"https:\/\/ceas.org.pe\/index.php\/wp-json\/wp\/v2\/posts"}],"about":[{"href":"https:\/\/ceas.org.pe\/index.php\/wp-json\/wp\/v2\/types\/post"}],"author":[{"embeddable":true,"href":"https:\/\/ceas.org.pe\/index.php\/wp-json\/wp\/v2\/users\/1"}],"replies":[{"embeddable":true,"href":"https:\/\/ceas.org.pe\/index.php\/wp-json\/wp\/v2\/comments?post=2806"}],"version-history":[{"count":1,"href":"https:\/\/ceas.org.pe\/index.php\/wp-json\/wp\/v2\/posts\/2806\/revisions"}],"predecessor-version":[{"id":6412,"href":"https:\/\/ceas.org.pe\/index.php\/wp-json\/wp\/v2\/posts\/2806\/revisions\/6412"}],"wp:featuredmedia":[{"embeddable":true,"href":"https:\/\/ceas.org.pe\/index.php\/wp-json\/wp\/v2\/media\/8069"}],"wp:attachment":[{"href":"https:\/\/ceas.org.pe\/index.php\/wp-json\/wp\/v2\/media?parent=2806"}],"wp:term":[{"taxonomy":"category","embeddable":true,"href":"https:\/\/ceas.org.pe\/index.php\/wp-json\/wp\/v2\/categories?post=2806"},{"taxonomy":"post_tag","embeddable":true,"href":"https:\/\/ceas.org.pe\/index.php\/wp-json\/wp\/v2\/tags?post=2806"}],"curies":[{"name":"wp","href":"https:\/\/api.w.org\/{rel}","templated":true}]}}