{"id":2805,"date":"2016-06-02T11:23:28","date_gmt":"2016-06-02T11:23:28","guid":{"rendered":""},"modified":"2026-03-11T09:12:03","modified_gmt":"2026-03-11T14:12:03","slug":"intenciones-de-oracion-del-papa-de-junio-de-2016","status":"publish","type":"post","link":"https:\/\/ceas.org.pe\/index.php\/2016\/06\/02\/intenciones-de-oracion-del-papa-de-junio-de-2016\/","title":{"rendered":"Intenciones de oraci\u00f3n del Papa de junio de 2016"},"content":{"rendered":"<p>(RV).- En el d\u00eda en que se publica el video del Papa de este mes de junio, el director internacional de la Red Mundial de Oraci\u00f3n del Papa, el padre jesuita Frederic Fornos SJ explica a Radio Vaticano las intenciones de oraci\u00f3n del Papa para este mes del Sagrado Coraz\u00f3n:<\/p>\n<div>\u00a0<\/div>\n<div>La intenci\u00f3n de oraci\u00f3n universal es: \u201cpara que los ancianos, marginados y las personas solitarias encuentren, incluso en las grandes ciudades, oportunidades de encuentro y solidaridad\u201d.<\/div>\n<div>\u00a0<\/div>\n<div>\u201cVoy comentar la intenci\u00f3n universal con un texto que ha escrito el director regional para Argentina, Uruguay y Paraguay de la Red Mundial de Oraci\u00f3n del Papa, el padre Javier Rojas\u2026 \u201cMirar el sufrimiento a trav\u00e9s de la pantalla del televisor es siempre menos impactante y terrible que ver a tantas personas marginadas, y en muchos casos ancianos, que viven en las plazas, en las calles o veredas de nuestras grandes ciudades. \u00bfTe has detenido alguna vez a mirarlos y acercarte a ellos? Tal vez. Lo cierto es que en la mayor\u00eda de los casos vivimos tan aprisa y s\u00f3lo sumergidos en nuestros pensamientos, que el dolor y el sufrimiento de los dem\u00e1s forman parte del paisaje cotidiano. Hay muchas personas que sufren igualmente la marginaci\u00f3n, la soledad y el abandono en nuestras ciudades y no est\u00e1n precisamente en la calle\u201d.<\/div>\n<div>\u00a0<\/div>\n<div>\u201cMuchas de ellas son ancianos y circulan por los pasillos de nuestras casas, se sientan en nuestros livings y comparten con nosotros el pan de cada d\u00eda. No viven en la calle, tienen un lugar donde reposar, pero se sienten igualmente a la intemperie de los afectos y cuidados. No dejan de partir el pan, de alimentarse como es debido, pero a\u00f1oran ese tiempo precioso que brinda la escucha emp\u00e1tica y cordial. El sufrimiento y la pobreza, la soledad y el abandono, la marginaci\u00f3n e incluso el mal trato ya no son realidades que solamente vemos en las calles: tambi\u00e9n est\u00e1n bajo nuestro techo\u201d.<\/div>\n<div>\u00a0<\/div>\n<div>\u201cEl Papa Francisco nos invita a mirar la vida que llevamos y a sumarnos a un gran desaf\u00edo en este mes de junio. Las calles no deber\u00edan convertirse en hogar de nadie, y menos de los ancianos. Pero tampoco nuestros hogares deber\u00edan convertirse en un lugar donde nuestros abuelos o personas ancianas sean marginadas. Necesitamos recuperar aquello que nos hace humanos como nos ense\u00f1\u00f3 Jes\u00fas: ser compasivos. \u00c9ste es un gran desaf\u00edo hoy: generar espacios de encuentros con nuestros mayores y ser solidarios con ellos. Recuerda, no solamente la corrupci\u00f3n y las pol\u00edticas inhumanas generan sufrimiento y dolor en los dem\u00e1s, sino tambi\u00e9n la indiferencia\u201d.<\/div>\n<div>\u00a0<\/div>\n<div>\u201cPodemos a\u00f1adir lo que el Papa Francisco dijo, en Septiembre 2014, sobre los hogares para los ancianos, que pueden ser a veces, lugares \u00abdonde los ancianos vivan olvidados, como escondidos, descuidados. Me siento cercano a los numerosos ancianos que viven en estos Institutos, y pienso con gratitud en quienes les visitan y se preocupan por ellos. Las casas para ancianos deber\u00edan ser los \u2018pulmones\u2019 de humanidad en un pa\u00eds, en un barrio, en una parroquia; deber\u00edan ser los \u2018santuarios\u2019 de humanidad donde el viejo y el d\u00e9bil es cuidado y protegido como un hermano o hermana mayor. \u00a1Hace tanto bien ir a visitar a un anciano!\u201d.<\/div>\n<div>\u00a0<\/div>\n<div>\u201cRecemos por esta intenci\u00f3n del coraz\u00f3n del Papa Francisco, abramos nuestros corazones y nuestros brazos, especialmente en este mes del Sagrado Coraz\u00f3n donde se nos invita a ir en profundidad en el Coraz\u00f3n de Jes\u00fas y sentir con \u00c9l sus sentimientos por el mundo, sufrimientos y alegr\u00edas para estar con \u00c9l al servicio de su misi\u00f3n\u201d.<\/div>\n<div>\u00a0<\/div>\n<div>La intenci\u00f3n de oraci\u00f3n para la Evangelizaci\u00f3n es: \u201cque los seminaristas y los novicios y novicias tengan formadores que vivan la alegr\u00eda del Evangelio y les preparen con sabidur\u00eda para su misi\u00f3n\u201d.\u00a0<\/div>\n<div>\u00a0<\/div>\n<div>\u201cEl Papa Francisco dijo a los seminaristas, novicios y novicias en Julio 2013 que: la verdadera alegr\u00eda no viene de las cosas, del tener, \u00a1no! Nace del encuentro, de la relaci\u00f3n con los dem\u00e1s, nace de sentirse aceptado, comprendido, amado, y de aceptar, comprender y amar; y esto no por el inter\u00e9s de un momento, sino porque el otro, la otra, es una persona. La alegr\u00eda nace de la gratuidad de un encuentro. Es escuchar: \u2018T\u00fa eres importante para m\u00ed\u2019, no necesariamente con palabras. Esto es hermoso\u2026 Y es precisamente esto lo que Dios nos hace comprender\u2026 Estas palabras de Francisco dicen muy bien de donde viene la alegr\u00eda del Evangelio: del encuentro con Jes\u00fas, el Resucitado, y a\u00f1adir\u00eda de estar con \u00c9l al servicio de su misi\u00f3n\u201d.<\/div>\n<div>\u00a0<\/div>\n<div>\u201cM\u00e1s que nunca los j\u00f3venes buscan hombres y mujeres coherentes y aut\u00e9nticos. Sabemos cu\u00e1nto ser coherentes en nuestras vidas es dif\u00edcil. Entre nuestro deseo m\u00e1s profundo y lo que vivimos siempre hay una diferencia, aunque el Se\u00f1or nos pueda dar la gracia, de vez en cuando, de experimentar que nuestras palabras y nuestros actos est\u00e1n ajustados. Como todos, los formadores estamos en camino. Los j\u00f3venes no buscan personas perfectas pero hombres y mujeres aut\u00e9nticos que busquen cada d\u00eda m\u00e1s coherencia en su vida con el Evangelio. Como dice el Papa Francisco: \u201cAnunciar el Evangelio con la autenticidad de vida, con la coherencia de vida\u201d.<\/div>\n<div>\u00a0<\/div>\n<div>Fuente:\u00a0<span style=\"color: rgb(52, 52, 52); font-family: Arial, Helvetica, sans-serif; font-size: 14px; font-style: inherit; line-height: 21px; text-align: justify;\">Radio Vaticano<\/span><\/div>\n<p><a href=\"http:\/\/web.hilo.org.pe\/wp-content\/uploads\/oracionpapajunio.jpg\" target=\"_blank\" rel=\"noopener\">Ver archivo adjunto<\/a><\/p>\n","protected":false},"excerpt":{"rendered":"<p>En el d?a en que se publica el video del Papa de este mes de junio, el director internacional de la Red Mundial de Oraci?n del Papa, el padre jesuita Frederic Fornos SJ explica a Radio Vaticano las intenciones de oraci?n del Papa para este mes del Sagrado Coraz?n:<\/p>\n","protected":false},"author":1,"featured_media":7881,"comment_status":"closed","ping_status":"closed","sticky":false,"template":"","format":"standard","meta":{"footnotes":""},"categories":[9],"tags":[],"class_list":["post-2805","post","type-post","status-publish","format-standard","has-post-thumbnail","hentry","category-noticias"],"_links":{"self":[{"href":"https:\/\/ceas.org.pe\/index.php\/wp-json\/wp\/v2\/posts\/2805","targetHints":{"allow":["GET"]}}],"collection":[{"href":"https:\/\/ceas.org.pe\/index.php\/wp-json\/wp\/v2\/posts"}],"about":[{"href":"https:\/\/ceas.org.pe\/index.php\/wp-json\/wp\/v2\/types\/post"}],"author":[{"embeddable":true,"href":"https:\/\/ceas.org.pe\/index.php\/wp-json\/wp\/v2\/users\/1"}],"replies":[{"embeddable":true,"href":"https:\/\/ceas.org.pe\/index.php\/wp-json\/wp\/v2\/comments?post=2805"}],"version-history":[{"count":1,"href":"https:\/\/ceas.org.pe\/index.php\/wp-json\/wp\/v2\/posts\/2805\/revisions"}],"predecessor-version":[{"id":6413,"href":"https:\/\/ceas.org.pe\/index.php\/wp-json\/wp\/v2\/posts\/2805\/revisions\/6413"}],"wp:featuredmedia":[{"embeddable":true,"href":"https:\/\/ceas.org.pe\/index.php\/wp-json\/wp\/v2\/media\/7881"}],"wp:attachment":[{"href":"https:\/\/ceas.org.pe\/index.php\/wp-json\/wp\/v2\/media?parent=2805"}],"wp:term":[{"taxonomy":"category","embeddable":true,"href":"https:\/\/ceas.org.pe\/index.php\/wp-json\/wp\/v2\/categories?post=2805"},{"taxonomy":"post_tag","embeddable":true,"href":"https:\/\/ceas.org.pe\/index.php\/wp-json\/wp\/v2\/tags?post=2805"}],"curies":[{"name":"wp","href":"https:\/\/api.w.org\/{rel}","templated":true}]}}