{"id":2804,"date":"2016-05-31T10:18:55","date_gmt":"2016-05-31T10:18:55","guid":{"rendered":""},"modified":"2026-03-11T09:12:03","modified_gmt":"2026-03-11T14:12:03","slug":"papa-francisco-pide-defender-la-dignidad-de-los-encarcelados","status":"publish","type":"post","link":"https:\/\/ceas.org.pe\/index.php\/2016\/05\/31\/papa-francisco-pide-defender-la-dignidad-de-los-encarcelados\/","title":{"rendered":"Papa Francisco pide defender la dignidad de los encarcelados"},"content":{"rendered":"<p>El papa Francisco ha enviado un mensaje a los participantes del encuentro europeo de los capellanes de las c\u00e1rceles. La iniciativa, que se celebra en Estrasburgo del 30 de mayo al 1 de junio, lleva por t\u00edtulo \u201cradicalizaci\u00f3n en las c\u00e1rceles: una visi\u00f3n pastoral\u201d. En la misiva, firmada por el cardenal Pietro Parolin, secretario de Estado, se expresa el aprecio del Pont\u00edfice dirigido al Consejo de las Conferencias Episcopales de Europa, a la Comisi\u00f3n Internacional de la Pastoral en las C\u00e1rceles y en la Misi\u00f3n Permanente de la Santa Sede por organizar este \u201cimportante evento\u201d.<\/p>\n<div>\u00a0<\/div>\n<div>As\u00ed, aprovecha la ocasi\u00f3n para asegurar a todos aquellos que est\u00e1n al servicio de las comunidades carcelarias \u201csu solidaridad en la oraci\u00f3n\u201d y \u201csu profunda gratitud por sus esfuerzos en el defender la dignidad humana de todos los que se encuentran en la c\u00e1rcel\u201d.<\/div>\n<div>\u00a0<\/div>\n<div>Tambi\u00e9n de las gracias a los capellanes por asistir a los detenidos en el celebrar el A\u00f1o Jubilar de la Misericordia fructuosamente. Por eso ha recordado, tal y como se indic\u00f3 en la Carta con la que se concede la indulgencia plenaria con ocasi\u00f3n del Jubileo Extraordinario de la Misericordia, que \u201cen las capillas de las c\u00e1rceles podr\u00e1n ganar la indulgencia, y cada vez que atraviesen la puerta de su celda, dirigiendo su pensamiento y la oraci\u00f3n al Padre, pueda este gesto ser para ellos el paso de la Puerta Santa, porque la misericordia de Dios, capaz de convertir los corazones, es tambi\u00e9n capaz de convertir las rejas en experiencia de libertad\u201d.<\/div>\n<div>\u00a0<\/div>\n<div>Fuente: zenit.org<\/div>\n<p><a href=\"http:\/\/web.hilo.org.pe\/wp-content\/uploads\/carcel.jpg\" target=\"_blank\" rel=\"noopener\">Ver archivo adjunto<\/a><\/p>\n","protected":false},"excerpt":{"rendered":"<p>El papa Francisco ha enviado un mensaje a los participantes del encuentro europeo de los capellanes de las c?rceles. La iniciativa, que se celebra en Estrasburgo del 30 de mayo al 1 de junio, lleva por t?tulo ?radicalizaci?n en las c?rceles: una visi?n pastoral?.<\/p>\n","protected":false},"author":1,"featured_media":7855,"comment_status":"closed","ping_status":"closed","sticky":false,"template":"","format":"standard","meta":{"footnotes":""},"categories":[9],"tags":[],"class_list":["post-2804","post","type-post","status-publish","format-standard","has-post-thumbnail","hentry","category-noticias"],"_links":{"self":[{"href":"https:\/\/ceas.org.pe\/index.php\/wp-json\/wp\/v2\/posts\/2804","targetHints":{"allow":["GET"]}}],"collection":[{"href":"https:\/\/ceas.org.pe\/index.php\/wp-json\/wp\/v2\/posts"}],"about":[{"href":"https:\/\/ceas.org.pe\/index.php\/wp-json\/wp\/v2\/types\/post"}],"author":[{"embeddable":true,"href":"https:\/\/ceas.org.pe\/index.php\/wp-json\/wp\/v2\/users\/1"}],"replies":[{"embeddable":true,"href":"https:\/\/ceas.org.pe\/index.php\/wp-json\/wp\/v2\/comments?post=2804"}],"version-history":[{"count":1,"href":"https:\/\/ceas.org.pe\/index.php\/wp-json\/wp\/v2\/posts\/2804\/revisions"}],"predecessor-version":[{"id":6414,"href":"https:\/\/ceas.org.pe\/index.php\/wp-json\/wp\/v2\/posts\/2804\/revisions\/6414"}],"wp:featuredmedia":[{"embeddable":true,"href":"https:\/\/ceas.org.pe\/index.php\/wp-json\/wp\/v2\/media\/7855"}],"wp:attachment":[{"href":"https:\/\/ceas.org.pe\/index.php\/wp-json\/wp\/v2\/media?parent=2804"}],"wp:term":[{"taxonomy":"category","embeddable":true,"href":"https:\/\/ceas.org.pe\/index.php\/wp-json\/wp\/v2\/categories?post=2804"},{"taxonomy":"post_tag","embeddable":true,"href":"https:\/\/ceas.org.pe\/index.php\/wp-json\/wp\/v2\/tags?post=2804"}],"curies":[{"name":"wp","href":"https:\/\/api.w.org\/{rel}","templated":true}]}}