{"id":2802,"date":"2016-05-30T11:04:57","date_gmt":"2016-05-30T11:04:57","guid":{"rendered":""},"modified":"2026-03-11T09:12:03","modified_gmt":"2026-03-11T14:12:03","slug":"coritas-del-pero-sero-reconocido-por-el-congreso-de-la-repoblica","status":"publish","type":"post","link":"https:\/\/ceas.org.pe\/index.php\/2016\/05\/30\/coritas-del-pero-sero-reconocido-por-el-congreso-de-la-repoblica\/","title":{"rendered":"C\u00f3ritas del Per\u00f3 ser\u00f3 reconocido por el Congreso de la Rep\u00f3blica"},"content":{"rendered":"<div>El pr\u00f3ximo 10 de junio, C\u00e1ritas del Per\u00fa, recibir\u00e1 un reconocimiento por parte del Congreso de la Rep\u00fablica. La ceremonia, donde tambi\u00e9n se dar\u00e1 un reconocimiento a C\u00e1ritas Huancavelica, que realizar\u00e1 a las 11:00 a.m., en el Hemiciclo Ra\u00fal Porras Barrenechea.<\/div>\n<div>\u00a0<\/div>\n<div>Este reconocimiento a C\u00e1ritas del Per\u00fa es realizado por el aporte que brinda al pa\u00eds en la ejecuci\u00f3n de programas y proyectos de desarrollo humano integral que impulsan la seguridad alimentaria y el cuidado del medio ambiente a favor de miles de familias que viven en situaci\u00f3n de pobreza. (Fuente: CEP)<\/div>\n<p><a href=\"http:\/\/web.hilo.org.pe\/wp-content\/uploads\/caritas.jpeg\" target=\"_blank\" rel=\"noopener\">Ver archivo adjunto<\/a><\/p>\n","protected":false},"excerpt":{"rendered":"<p>El pr?ximo 10 de junio, C?ritas del Per?, recibir? un reconocimiento por parte del Congreso de la Rep?blica. La ceremonia, donde tambi?n se dar? un reconocimiento a C?ritas Huancavelica, que realizar? a las 11:00 a.m., en el Hemiciclo Ra?l Porras Barrenechea.<\/p>\n","protected":false},"author":1,"featured_media":0,"comment_status":"closed","ping_status":"closed","sticky":false,"template":"","format":"standard","meta":{"footnotes":""},"categories":[9],"tags":[],"class_list":["post-2802","post","type-post","status-publish","format-standard","hentry","category-noticias"],"_links":{"self":[{"href":"https:\/\/ceas.org.pe\/index.php\/wp-json\/wp\/v2\/posts\/2802","targetHints":{"allow":["GET"]}}],"collection":[{"href":"https:\/\/ceas.org.pe\/index.php\/wp-json\/wp\/v2\/posts"}],"about":[{"href":"https:\/\/ceas.org.pe\/index.php\/wp-json\/wp\/v2\/types\/post"}],"author":[{"embeddable":true,"href":"https:\/\/ceas.org.pe\/index.php\/wp-json\/wp\/v2\/users\/1"}],"replies":[{"embeddable":true,"href":"https:\/\/ceas.org.pe\/index.php\/wp-json\/wp\/v2\/comments?post=2802"}],"version-history":[{"count":1,"href":"https:\/\/ceas.org.pe\/index.php\/wp-json\/wp\/v2\/posts\/2802\/revisions"}],"predecessor-version":[{"id":6416,"href":"https:\/\/ceas.org.pe\/index.php\/wp-json\/wp\/v2\/posts\/2802\/revisions\/6416"}],"wp:attachment":[{"href":"https:\/\/ceas.org.pe\/index.php\/wp-json\/wp\/v2\/media?parent=2802"}],"wp:term":[{"taxonomy":"category","embeddable":true,"href":"https:\/\/ceas.org.pe\/index.php\/wp-json\/wp\/v2\/categories?post=2802"},{"taxonomy":"post_tag","embeddable":true,"href":"https:\/\/ceas.org.pe\/index.php\/wp-json\/wp\/v2\/tags?post=2802"}],"curies":[{"name":"wp","href":"https:\/\/api.w.org\/{rel}","templated":true}]}}